{"id":785,"date":"2023-03-02T11:57:04","date_gmt":"2023-03-02T14:57:04","guid":{"rendered":"https:\/\/cetalimentos.cl\/?p=785"},"modified":"2023-06-11T02:06:54","modified_gmt":"2023-06-11T05:06:54","slug":"presencia-del-ceta-en-medios","status":"publish","type":"post","link":"https:\/\/cetalimentos.cl\/index.php\/2023\/03\/02\/presencia-del-ceta-en-medios\/","title":{"rendered":"PRESENCIA DEL CeTA EN MEDIOS"},"content":{"rendered":"\n<div class=\"wp-block-columns are-vertically-aligned-top is-layout-flex wp-container-core-columns-is-layout-9d6595d7 wp-block-columns-is-layout-flex\">\n<div class=\"wp-block-column is-vertically-aligned-top ticss-9af021bf is-layout-flow wp-block-column-is-layout-flow\" style=\"flex-basis:100%\">\n<div class=\"wp-block-columns are-vertically-aligned-top is-layout-flex wp-container-core-columns-is-layout-9d6595d7 wp-block-columns-is-layout-flex\">\n<div class=\"wp-block-column is-layout-flow wp-block-column-is-layout-flow\" style=\"flex-basis:50%\">\n<figure class=\"wp-block-image size-large is-style-default\"><img decoding=\"async\" src=\"https:\/\/fcopalomo.cl\/cetalimentos\/wp-content\/uploads\/2023\/05\/158-CeTa-1024x576.jpg\" alt=\"\" class=\"wp-image-791\"\/><\/figure>\n<\/div>\n\n\n\n<div class=\"wp-block-column is-vertically-aligned-top is-layout-flow wp-block-column-is-layout-flow\" style=\"flex-basis:50%\">\n<p class=\"ticss-c4189c3a has-text-color\" style=\"color:#222222;font-size:16px\">Nuestro Director Ejecutivo, <strong>Jean Paul Veas<\/strong>, estuvo conversando con Alex Tudor en el programa \u201cTransformaci\u00f3n digital y sostenible\u201d de Radio La Clave, destacando qu\u00e9 es el CeTA y c\u00f3mo este Centro ayuda, mediante el uso de tecnolog\u00eda de punta y un equipo de profesionales de primera l\u00ednea, en la elaboraci\u00f3n y perfeccionamiento de productos alimenticios innovadores para empresas de todos los tama\u00f1os.<\/p>\n\n\n\n<div class=\"wp-block-buttons is-layout-flex wp-block-buttons-is-layout-flex\">\n<div class=\"wp-block-button has-custom-width wp-block-button__width-50 has-custom-font-size btn-not ticss-d193ec67 is-style-outline is-style-outline--1\" style=\"font-size:15px\"><a class=\"wp-block-button__link has-black-color has-white-background-color has-text-color has-background wp-element-button\" href=\"https:\/\/www.instagram.com\/p\/CnMWlpMIi7G\/\" style=\"border-radius:16px\" target=\"_blank\" rel=\"https:\/\/www.instagram.com\/p\/CnMWlpMIi7G\/ noopener\"><img decoding=\"async\" class=\"wp-image-794\" style=\"width: 49px;float:left;\" src=\"https:\/\/fcopalomo.cl\/cetalimentos\/wp-content\/uploads\/2023\/05\/4e47b393-f447-46cb-9f83-9247df354aec.png\" alt=\"\"><strong>Revisa la Entrevista<\/strong><\/a><\/div>\n<\/div>\n<\/div>\n<\/div>\n<\/div>\n<\/div>\n\n\n\n<div class=\"wp-block-columns are-vertically-aligned-top is-layout-flex wp-container-core-columns-is-layout-9d6595d7 wp-block-columns-is-layout-flex\">\n<div class=\"wp-block-column is-vertically-aligned-top is-layout-flow wp-block-column-is-layout-flow\" style=\"flex-basis:100%\">\n<div class=\"wp-block-columns is-layout-flex wp-container-core-columns-is-layout-9d6595d7 wp-block-columns-is-layout-flex\">\n<div class=\"wp-block-column is-vertically-aligned-top is-layout-flow wp-block-column-is-layout-flow\" style=\"flex-basis:50%\">\n<div class=\"wp-block-columns is-layout-flex wp-container-core-columns-is-layout-9d6595d7 wp-block-columns-is-layout-flex\">\n<div class=\"wp-block-column is-vertically-aligned-top is-layout-flow wp-block-column-is-layout-flow\" style=\"flex-basis:100%\">\n<div class=\"wp-block-group\"><div class=\"wp-block-group__inner-container is-layout-flow wp-block-group-is-layout-flow\">\n<blockquote class=\"wp-block-quote is-style-plain is-layout-flow wp-block-quote-is-layout-flow\">\n<p><strong>Entrevista al Director Ejecutivo del CeTA en SoyTV del Portal de noticias regionales Soy Chile<\/strong><\/p>\n<\/blockquote>\n<\/div><\/div>\n\n\n\n<p style=\"font-size:15px\">SoyTV, espacio multimedia del portal de noticias regionales Soy Chile, entrevist\u00f3 al gerente general del CeTA, <strong>Jean Paul Veas<\/strong>, abordando diversos temas, entre ellos, la importancia de la innovaci\u00f3n en la industria alimentaria y las tendencias de la alimentaci\u00f3n en el mercado actual.<\/p>\n\n\n\n<div class=\"wp-block-buttons is-content-justification-left is-layout-flex wp-container-core-buttons-is-layout-fdcfc74e wp-block-buttons-is-layout-flex\">\n<div class=\"wp-block-button has-custom-width wp-block-button__width-50 has-custom-font-size btn-not is-style-outline leftt not-medium ticss-47caf933 has-small-font-size is-style-outline--2\"><a class=\"wp-block-button__link has-black-color has-white-background-color has-text-color has-background wp-element-button\" href=\"https:\/\/www.instagram.com\/p\/CnzDW5svVdv\/\" style=\"border-radius:16px\" target=\"_blank\" rel=\"https:\/\/www.instagram.com\/p\/CnMWlpMIi7G\/ noopener\"><img decoding=\"async\" class=\"wp-image-794\" style=\"width: 49px;float:left;\" src=\"https:\/\/fcopalomo.cl\/cetalimentos\/wp-content\/uploads\/2023\/05\/4e47b393-f447-46cb-9f83-9247df354aec.png\" alt=\"\"><strong>Revisa la Entrevista<\/strong><\/a><\/div>\n<\/div>\n<\/div>\n<\/div>\n<\/div>\n\n\n\n<div class=\"wp-block-column is-vertically-aligned-top is-layout-flow wp-block-column-is-layout-flow\" style=\"flex-basis:50%\">\n<div class=\"wp-block-columns is-layout-flex wp-container-core-columns-is-layout-9d6595d7 wp-block-columns-is-layout-flex\">\n<div class=\"wp-block-column is-vertically-aligned-top is-layout-flow wp-block-column-is-layout-flow\" style=\"flex-basis:100%\">\n<div class=\"wp-block-group\"><div class=\"wp-block-group__inner-container is-layout-flow wp-block-group-is-layout-flow\">\n<blockquote class=\"wp-block-quote is-style-plain is-layout-flow wp-block-quote-is-layout-flow\">\n<p><strong><strong>Jean Paul Veas, Director Ejecutivo del CeTA estuvo en Conexi\u00f3n Empresarial de la Radio U de Chile<\/strong><\/strong><\/p>\n<\/blockquote>\n<\/div><\/div>\n\n\n\n<p style=\"font-size:15px\">El director ejecutivo del<strong> CeTA<\/strong>, <strong>Jean Paul Veas<\/strong>, estuvo conversando con Alfredo Campusano en el programa Conexi\u00f3n Empresarial, dando a conocer el trabajo que se est\u00e1 realizando en nuestro pa\u00eds para desarrollar la industria agroalimentaria, apoyando desde el CeTA al desarrollo de productos innovadores.<\/p>\n\n\n\n<div class=\"wp-block-buttons is-layout-flex wp-block-buttons-is-layout-flex\">\n<div class=\"wp-block-button has-custom-width wp-block-button__width-50 has-custom-font-size btn-not is-style-outline leftt not-medium ticss-3dc6a64e has-small-font-size is-style-outline--3\"><a class=\"wp-block-button__link has-black-color has-white-background-color has-text-color has-background wp-element-button\" href=\"https:\/\/open.spotify.com\/episode\/12Np0bDijXSonZeYzwx821?si=TZlIcW0jR3itmwZ30RX2jQ&amp;nd=1\" style=\"border-radius:16px\" target=\"_blank\" rel=\"https:\/\/www.instagram.com\/p\/CnMWlpMIi7G\/ noopener\"><img decoding=\"async\" class=\"wp-image-836\" style=\"width: 49px;float:left\" src=\"https:\/\/fcopalomo.cl\/cetalimentos\/wp-content\/uploads\/2023\/05\/icono-spotify.png\" alt=\"\"><strong>Escucha la Entrevista<\/strong><\/a><\/div>\n<\/div>\n<\/div>\n<\/div>\n<\/div>\n<\/div>\n\n\n\n<div class=\"wp-block-columns is-layout-flex wp-container-core-columns-is-layout-9d6595d7 wp-block-columns-is-layout-flex\">\n<div class=\"wp-block-column is-layout-flow wp-block-column-is-layout-flow\" style=\"flex-basis:100%\">\n<div class=\"wp-block-columns is-layout-flex wp-container-core-columns-is-layout-9d6595d7 wp-block-columns-is-layout-flex\">\n<div class=\"wp-block-column is-vertically-aligned-top is-layout-flow wp-block-column-is-layout-flow\" style=\"flex-basis:100%\">\n<div class=\"wp-block-columns is-layout-flex wp-container-core-columns-is-layout-9d6595d7 wp-block-columns-is-layout-flex\">\n<div class=\"wp-block-column is-vertically-aligned-top is-layout-flow wp-block-column-is-layout-flow\" style=\"flex-basis:50%\">\n<blockquote class=\"wp-block-quote is-layout-flow wp-block-quote-is-layout-flow\">\n<p><strong>Mar\u00eda Fernanda Fa\u00fandez, Encargada de Vinculaci\u00f3n CeTA, <br>convers\u00f3 con Alianza Alimentos<\/strong><\/p>\n<\/blockquote>\n\n\n\n<p style=\"font-size:15px\">En entrevista con la periodista de Alianza Alimentos, Roc\u00edo Peralta, sobre los planes y proyectos futuros del Centro Tecnol\u00f3gico para la Innovaci\u00f3n Alimentaria, enfatizando en que el objetivo del CeTA es \u201cser un referente en innovaciones en alimentos\u201d.<\/p>\n\n\n\n<div class=\"wp-block-buttons is-content-justification-left is-layout-flex wp-container-core-buttons-is-layout-fdcfc74e wp-block-buttons-is-layout-flex\">\n<div class=\"wp-block-button has-custom-width wp-block-button__width-50 has-custom-font-size btn-not is-style-outline leftt not-medium ticss-12100297 has-small-font-size is-style-outline--4\"><a class=\"wp-block-button__link has-black-color has-white-background-color has-text-color has-background wp-element-button\" href=\"https:\/\/www.youtube.com\/watch?v=uxkkW6gwpAs&amp;ab_channel=AlianzaAlimentos\" style=\"border-radius:16px\" rel=\"https:\/\/www.instagram.com\/p\/CnMWlpMIi7G\/ noopener\"><img decoding=\"async\" class=\"wp-image-852\" style=\"width: 49px;float:left\" src=\"https:\/\/fcopalomo.cl\/cetalimentos\/wp-content\/uploads\/2023\/05\/icono-youtube.png\" alt=\"\"><strong>Revisa la Entrevista<\/strong><\/a><\/div>\n<\/div>\n<\/div>\n\n\n\n<div class=\"wp-block-column is-layout-flow wp-block-column-is-layout-flow\" style=\"flex-basis:50%\">\n<figure class=\"wp-block-image size-full is-resized is-style-default\"><img loading=\"lazy\" decoding=\"async\" src=\"https:\/\/fcopalomo.cl\/cetalimentos\/wp-content\/uploads\/2023\/05\/image.png\" alt=\"\" class=\"wp-image-792\" width=\"841\" height=\"590\"\/><\/figure>\n<\/div>\n<\/div>\n<\/div>\n<\/div>\n<\/div>\n<\/div>\n<\/div>\n<\/div>\n\n\n\n<div class=\"wp-block-columns is-layout-flex wp-container-core-columns-is-layout-9d6595d7 wp-block-columns-is-layout-flex\">\n<div class=\"wp-block-column is-layout-flow wp-block-column-is-layout-flow\"><\/div>\n<\/div>\n\n\n\n<p><\/p>\n","protected":false},"excerpt":{"rendered":"<p>Nuestro Director Ejecutivo, Jean Paul Veas, estuvo conversando con Alex Tudor en el programa \u201cTransformaci\u00f3n digital y sostenible\u201d de Radio La Clave, destacando qu\u00e9 es el<span class=\"excerpt-hellip\"> [\u2026]<\/span><\/p>\n","protected":false},"author":2,"featured_media":749,"comment_status":"open","ping_status":"open","sticky":true,"template":"","format":"standard","meta":{"_themeisle_gutenberg_block_has_review":false,"_joinchat":[],"footnotes":""},"categories":[6,8],"tags":[],"class_list":["post-785","post","type-post","status-publish","format-standard","has-post-thumbnail","hentry","category-ceta","category-prensa"],"_links":{"self":[{"href":"https:\/\/cetalimentos.cl\/index.php\/wp-json\/wp\/v2\/posts\/785","targetHints":{"allow":["GET"]}}],"collection":[{"href":"https:\/\/cetalimentos.cl\/index.php\/wp-json\/wp\/v2\/posts"}],"about":[{"href":"https:\/\/cetalimentos.cl\/index.php\/wp-json\/wp\/v2\/types\/post"}],"author":[{"embeddable":true,"href":"https:\/\/cetalimentos.cl\/index.php\/wp-json\/wp\/v2\/users\/2"}],"replies":[{"embeddable":true,"href":"https:\/\/cetalimentos.cl\/index.php\/wp-json\/wp\/v2\/comments?post=785"}],"version-history":[{"count":13,"href":"https:\/\/cetalimentos.cl\/index.php\/wp-json\/wp\/v2\/posts\/785\/revisions"}],"predecessor-version":[{"id":1268,"href":"https:\/\/cetalimentos.cl\/index.php\/wp-json\/wp\/v2\/posts\/785\/revisions\/1268"}],"wp:featuredmedia":[{"embeddable":true,"href":"https:\/\/cetalimentos.cl\/index.php\/wp-json\/wp\/v2\/media\/749"}],"wp:attachment":[{"href":"https:\/\/cetalimentos.cl\/index.php\/wp-json\/wp\/v2\/media?parent=785"}],"wp:term":[{"taxonomy":"category","embeddable":true,"href":"https:\/\/cetalimentos.cl\/index.php\/wp-json\/wp\/v2\/categories?post=785"},{"taxonomy":"post_tag","embeddable":true,"href":"https:\/\/cetalimentos.cl\/index.php\/wp-json\/wp\/v2\/tags?post=785"}],"curies":[{"name":"wp","href":"https:\/\/api.w.org\/{rel}","templated":true}]}}