{"id":617,"date":"2022-03-20T20:39:29","date_gmt":"2022-03-20T23:39:29","guid":{"rendered":"https:\/\/cetalimentos.cl\/?p=617"},"modified":"2023-05-02T00:22:38","modified_gmt":"2023-05-02T03:22:38","slug":"lanzamiento-en-linea-de-programa-de-difusion-tecnologica-para-mipymes-de-los-sectores-agroindustrial-y-acuicola-de-la-iv-region","status":"publish","type":"post","link":"https:\/\/cetalimentos.cl\/index.php\/2022\/03\/20\/lanzamiento-en-linea-de-programa-de-difusion-tecnologica-para-mipymes-de-los-sectores-agroindustrial-y-acuicola-de-la-iv-region\/","title":{"rendered":"Lanzamiento en l\u00ednea de Programa de Difusi\u00f3n Tecnol\u00f3gica para mipymes de los sectores  agroindustrial y acu\u00edcola de la IV Regi\u00f3n"},"content":{"rendered":"\n<figure class=\"wp-block-gallery has-nested-images columns-default is-cropped wp-block-gallery-1 is-layout-flex wp-block-gallery-is-layout-flex\">\n<figure class=\"wp-block-image size-full is-style-default\"><img decoding=\"async\" data-id=\"620\" src=\"https:\/\/fcopalomo.cl\/cetalimentos\/wp-content\/uploads\/2023\/05\/Banner-900x-400.png\" alt=\"\" class=\"wp-image-620\"\/><\/figure>\n<\/figure>\n\n\n\n<p><\/p>\n\n\n\n<p><\/p>\n\n\n\n<p class=\"has-large-font-size\"><mark style=\"background-color:rgba(0, 0, 0, 0)\" class=\"has-inline-color has-black-color\"><strong>El evento <\/strong><\/mark><\/p>\n\n\n\n<p class=\"has-medium-font-size\">El &#8220;<strong>Programa de Difusi\u00f3n Tecnol\u00f3gica Regional para la revalorizaci\u00f3n y circularidad en distintos eslabones de la cadena productiva de la industria alimentaria de la Regi\u00f3n de Coquimbo<\/strong>\u201d busca contribuir a mejorar la competitividad de Mipymes de los rubros agroindustrial y acu\u00edcola de la regi\u00f3n.&nbsp;&nbsp;<\/p>\n\n\n\n<p class=\"has-medium-font-size\">El proyecto apunta a disminuir brechas t\u00e9cnicas para el desarrollo de nuevos productos e iniciativas que revaloricen los residuos y mermas bajo el concepto de econom\u00eda circular. Para esto se contemplan:<\/p>\n\n\n\n<ul class=\"has-medium-font-size wp-block-list\">\n<li><strong>Actividades pr\u00e1cticas, charlas y talleres de difusi\u00f3n<\/strong>&nbsp;de tecnolog\u00edas en funci\u00f3n de subproductos caracterizados para fomentar la valorizaci\u00f3n de los residuos y descartes regionales e impulsar su utilizaci\u00f3n.<br><\/li>\n\n\n\n<li><strong>Asesor\u00eda&nbsp;a empresas beneficiarias&nbsp;<\/strong>en el uso y aplicaci\u00f3n de soluciones tecnol\u00f3gicas disponibles&nbsp;en los tres centros de innovaci\u00f3n de CeTA.<br><\/li>\n\n\n\n<li><strong>Orientaci\u00f3n sobre fuentes de financiamiento&nbsp;<\/strong>que fomenten la circularidad y la reducci\u00f3n de residuos, para as\u00ed obtener nuevos productos comercialmente atractivos para el mercado.<\/li>\n<\/ul>\n\n\n\n<div style=\"height:100px\" aria-hidden=\"true\" class=\"wp-block-spacer\"><\/div>\n\n\n\n<p class=\"has-text-align-center has-large-font-size\"><strong>Programa <\/strong> <\/p>\n\n\n\n<p class=\"has-text-align-center has-medium-font-size\"><mark style=\"background-color:rgba(0, 0, 0, 0);color:#0c3a84\" class=\"has-inline-color\"><strong>Martes 29 de marzo de 2022<\/strong><\/mark><\/p>\n\n\n\n<div class=\"wp-block-columns is-layout-flex wp-container-core-columns-is-layout-9d6595d7 wp-block-columns-is-layout-flex\">\n<div class=\"wp-block-column is-layout-flow wp-block-column-is-layout-flow\" style=\"flex-basis:33.33%\">\n<p class=\"has-medium-font-size\">10:00 \u2014 10:05 AM<\/p>\n<\/div>\n\n\n\n<div class=\"wp-block-column is-layout-flow wp-block-column-is-layout-flow\" style=\"flex-basis:66.66%\">\n<p class=\"has-medium-font-size\"><strong>Bienvenida e introducci\u00f3n a la jornada<\/strong> <\/p>\n\n\n\n<p class=\"has-medium-font-size\"><em>Mar\u00eda Fernanda Fa\u00fandez, Encargada de Vinculaci\u00f3n &#8211; CeTA<\/em><\/p>\n<\/div>\n<\/div>\n\n\n\n<div class=\"wp-block-columns is-layout-flex wp-container-core-columns-is-layout-9d6595d7 wp-block-columns-is-layout-flex\">\n<div class=\"wp-block-column is-layout-flow wp-block-column-is-layout-flow\" style=\"flex-basis:100%\">\n<div class=\"wp-block-columns is-layout-flex wp-container-core-columns-is-layout-9d6595d7 wp-block-columns-is-layout-flex\">\n<div class=\"wp-block-column is-vertically-aligned-top is-layout-flow wp-block-column-is-layout-flow\" style=\"flex-basis:33.33%\">\n<p class=\"has-medium-font-size\">10:05 \u2014 10:10 AM<\/p>\n<\/div>\n\n\n\n<div class=\"wp-block-column is-layout-flow wp-block-column-is-layout-flow\" style=\"flex-basis:66.66%\">\n<p class=\"has-medium-font-size\"><strong>Palabras autoridad Gobernaci\u00f3n Regional de Coquimbo<\/strong><\/p>\n<\/div>\n<\/div>\n<\/div>\n<\/div>\n\n\n\n<div class=\"wp-block-columns is-layout-flex wp-container-core-columns-is-layout-9d6595d7 wp-block-columns-is-layout-flex\">\n<div class=\"wp-block-column is-layout-flow wp-block-column-is-layout-flow\" style=\"flex-basis:33.33%\">\n<p class=\"has-medium-font-size\">10:10  \u2014 10:15 AM<\/p>\n<\/div>\n\n\n\n<div class=\"wp-block-column is-layout-flow wp-block-column-is-layout-flow\" style=\"flex-basis:66.66%\">\n<p class=\"has-medium-font-size\"><strong>Palabras de Gustavo Dub\u00f3, Director Regional (s) Corfo<\/strong><\/p>\n<\/div>\n<\/div>\n\n\n\n<div class=\"wp-block-columns is-layout-flex wp-container-core-columns-is-layout-9d6595d7 wp-block-columns-is-layout-flex\">\n<div class=\"wp-block-column is-layout-flow wp-block-column-is-layout-flow\" style=\"flex-basis:33.33%\">\n<p class=\"has-medium-font-size\">10:15 \u2014 10:20 AM<\/p>\n<\/div>\n\n\n\n<div class=\"wp-block-column is-layout-flow wp-block-column-is-layout-flow\" style=\"flex-basis:66.66%\">\n<p class=\"has-medium-font-size\"><strong>Palabras de Jean Paul Veas, Director Ejecutivo CeTA<\/strong><\/p>\n<\/div>\n<\/div>\n\n\n\n<div class=\"wp-block-columns is-layout-flex wp-container-core-columns-is-layout-9d6595d7 wp-block-columns-is-layout-flex\">\n<div class=\"wp-block-column is-layout-flow wp-block-column-is-layout-flow\" style=\"flex-basis:33.33%\">\n<p class=\"has-medium-font-size\">10:20 \u2014 10:35 AM<\/p>\n<\/div>\n\n\n\n<div class=\"wp-block-column is-layout-flow wp-block-column-is-layout-flow\" style=\"flex-basis:66.66%\">\n<h3 class=\"wp-block-heading\" style=\"font-style:normal;font-weight:600\"><strong>Presentaci\u00f3n de CeTA y casos de \u00e9xito<\/strong><\/h3>\n\n\n\n<p class=\"has-medium-font-size\"><em>Mar\u00eda Jos\u00e9 Bustos, Gerente de Negocios, CeTA<\/em><\/p>\n\n\n\n<p class=\"has-medium-font-size\">Capacidades y equipamiento de CeTA para ayudar a los beneficiarios del Programa de Difusi\u00f3n Tecnol\u00f3gica a realizar sus proyectos de valoraci\u00f3n de residuos y econom\u00eda circular. Casos destacados de empresas de alimentos que han puesto en el mercado productos basados en econom\u00eda circular.<\/p>\n<\/div>\n<\/div>\n\n\n\n<div class=\"wp-block-columns is-layout-flex wp-container-core-columns-is-layout-9d6595d7 wp-block-columns-is-layout-flex\">\n<div class=\"wp-block-column is-layout-flow wp-block-column-is-layout-flow\" style=\"flex-basis:33.33%\">\n<p class=\"has-medium-font-size\">10:35 \u2014 10:50 AM<\/p>\n<\/div>\n\n\n\n<div class=\"wp-block-column is-layout-flow wp-block-column-is-layout-flow\" style=\"flex-basis:66.66%\">\n<h3 class=\"wp-block-heading has-medium-font-size\"><strong>Hoja de Ruta del Programa de Difusi\u00f3n Tecnol\u00f3gica, objetivos, actividades y alcances<\/strong><\/h3>\n\n\n\n<p class=\"has-medium-font-size\"><em>Lorena Pacheco, Jefa de Innovaci\u00f3n Zona Norte CeTA<\/em><\/p>\n\n\n\n<p class=\"has-medium-font-size\">Contexto regional sobre generaci\u00f3n de residuos agroindustriales y marinos, potencial para las empresas y para la regi\u00f3n de crear valor a partir de residuos y descartes y actividades contempladas dentro del Programa de Difusi\u00f3n Tecnol\u00f3gica para promover iniciativas de econom\u00eda circular entre sus beneficiarios.<\/p>\n<\/div>\n<\/div>\n\n\n\n<div class=\"wp-block-columns is-layout-flex wp-container-core-columns-is-layout-9d6595d7 wp-block-columns-is-layout-flex\">\n<div class=\"wp-block-column is-layout-flow wp-block-column-is-layout-flow\" style=\"flex-basis:33.33%\">\n<p class=\"has-medium-font-size\">10:50  \u2014 11:05 AM<\/p>\n<\/div>\n\n\n\n<div class=\"wp-block-column is-layout-flow wp-block-column-is-layout-flow\" style=\"flex-basis:66.66%\">\n<h3 class=\"wp-block-heading has-medium-font-size\"><strong>Identificacion y diagn\u00f3stico de beneficiarios del Programa de Difusi\u00f3n Tecnol\u00f3gica<\/strong><\/h3>\n\n\n\n<p class=\"has-medium-font-size\"><em>Jorge Cort\u00e9s, Coordinador de Proyecto &#8211; Centro de Innovaci\u00f3n Zona Norte CeTA.<\/em><\/p>\n\n\n\n<p class=\"has-medium-font-size\">Qui\u00e9nes son los beneficiarios del Programa de Difusi\u00f3n Tecnol\u00f3gica, con qu\u00e9 materias primas y productos est\u00e1n trabajando y su potencial para generar proyectos de econom\u00eda circular.<\/p>\n<\/div>\n<\/div>\n\n\n\n<div class=\"wp-block-columns is-layout-flex wp-container-core-columns-is-layout-9d6595d7 wp-block-columns-is-layout-flex\">\n<div class=\"wp-block-column is-layout-flow wp-block-column-is-layout-flow\" style=\"flex-basis:33.33%\">\n<p class=\"has-medium-font-size\">11:05 \u2014 11:30 AM<\/p>\n<\/div>\n\n\n\n<div class=\"wp-block-column is-layout-flow wp-block-column-is-layout-flow\" style=\"flex-basis:66.66%\">\n<p class=\"has-medium-font-size\"><strong>Preguntas e interacci\u00f3n entre los participantes<\/strong><\/p>\n<\/div>\n<\/div>\n\n\n\n<div style=\"height:100px\" aria-hidden=\"true\" class=\"wp-block-spacer\"><\/div>\n\n\n\n<div class=\"wp-block-columns is-layout-flex wp-container-core-columns-is-layout-9d6595d7 wp-block-columns-is-layout-flex\">\n<div class=\"wp-block-column is-layout-flow wp-block-column-is-layout-flow\">\n<figure class=\"wp-block-image size-large is-style-default\"><img decoding=\"async\" src=\"https:\/\/fcopalomo.cl\/cetalimentos\/wp-content\/uploads\/2023\/05\/LogoCeTA-1024x465.png\" alt=\"\" class=\"wp-image-631\"\/><\/figure>\n<\/div>\n\n\n\n<div class=\"wp-block-column is-layout-flow wp-block-column-is-layout-flow\">\n<figure class=\"wp-block-image size-large is-resized is-style-default\"><img loading=\"lazy\" decoding=\"async\" src=\"https:\/\/fcopalomo.cl\/cetalimentos\/wp-content\/uploads\/2023\/05\/Logo-Corfo-1-1024x453.png\" alt=\"\" class=\"wp-image-632\" width=\"251\" height=\"111\"\/><\/figure>\n<\/div>\n\n\n\n<div class=\"wp-block-column is-layout-flow wp-block-column-is-layout-flow\">\n<figure class=\"wp-block-image size-full is-resized is-style-default\"><img loading=\"lazy\" decoding=\"async\" src=\"https:\/\/fcopalomo.cl\/cetalimentos\/wp-content\/uploads\/2023\/05\/GORE-Coquimbo-75.png\" alt=\"\" class=\"wp-image-646\" width=\"95\" height=\"95\"\/><\/figure>\n<\/div>\n<\/div>\n\n\n\n<p><\/p>\n","protected":false},"excerpt":{"rendered":"<p>El evento El &#8220;Programa de Difusi\u00f3n Tecnol\u00f3gica Regional para la revalorizaci\u00f3n y circularidad en distintos eslabones de la cadena productiva de la industria alimentaria de la<span class=\"excerpt-hellip\"> [\u2026]<\/span><\/p>\n","protected":false},"author":2,"featured_media":604,"comment_status":"open","ping_status":"open","sticky":true,"template":"","format":"standard","meta":{"_themeisle_gutenberg_block_has_review":false,"_joinchat":[],"footnotes":""},"categories":[6,10],"tags":[],"class_list":["post-617","post","type-post","status-publish","format-standard","has-post-thumbnail","hentry","category-ceta","category-norte"],"_links":{"self":[{"href":"https:\/\/cetalimentos.cl\/index.php\/wp-json\/wp\/v2\/posts\/617","targetHints":{"allow":["GET"]}}],"collection":[{"href":"https:\/\/cetalimentos.cl\/index.php\/wp-json\/wp\/v2\/posts"}],"about":[{"href":"https:\/\/cetalimentos.cl\/index.php\/wp-json\/wp\/v2\/types\/post"}],"author":[{"embeddable":true,"href":"https:\/\/cetalimentos.cl\/index.php\/wp-json\/wp\/v2\/users\/2"}],"replies":[{"embeddable":true,"href":"https:\/\/cetalimentos.cl\/index.php\/wp-json\/wp\/v2\/comments?post=617"}],"version-history":[{"count":1,"href":"https:\/\/cetalimentos.cl\/index.php\/wp-json\/wp\/v2\/posts\/617\/revisions"}],"predecessor-version":[{"id":888,"href":"https:\/\/cetalimentos.cl\/index.php\/wp-json\/wp\/v2\/posts\/617\/revisions\/888"}],"wp:featuredmedia":[{"embeddable":true,"href":"https:\/\/cetalimentos.cl\/index.php\/wp-json\/wp\/v2\/media\/604"}],"wp:attachment":[{"href":"https:\/\/cetalimentos.cl\/index.php\/wp-json\/wp\/v2\/media?parent=617"}],"wp:term":[{"taxonomy":"category","embeddable":true,"href":"https:\/\/cetalimentos.cl\/index.php\/wp-json\/wp\/v2\/categories?post=617"},{"taxonomy":"post_tag","embeddable":true,"href":"https:\/\/cetalimentos.cl\/index.php\/wp-json\/wp\/v2\/tags?post=617"}],"curies":[{"name":"wp","href":"https:\/\/api.w.org\/{rel}","templated":true}]}}