{"id":526,"date":"2021-09-21T12:50:04","date_gmt":"2021-09-21T15:50:04","guid":{"rendered":"https:\/\/cetalimentos.cl\/?p=526"},"modified":"2021-09-21T12:50:04","modified_gmt":"2021-09-21T15:50:04","slug":"inscripciones-congreso-internacional-alimentario-foodture-202","status":"publish","type":"post","link":"https:\/\/cetalimentos.cl\/index.php\/2021\/09\/21\/inscripciones-congreso-internacional-alimentario-foodture-202\/","title":{"rendered":"Inscripciones Congreso Internacional Alimentario Foodture 202"},"content":{"rendered":"\n<p>El martes 28 de septiembre Espacio Food &amp; Service realizar\u00e1 el primer Congreso Internacional Alimentario Foodture 2021, donde se discutir\u00e1n los desaf\u00edos que enfrentamos del presente y futuro de la alimentaci\u00f3n.<\/p>\n\n\n\n<p>Espacio Food &amp; Service nace el a\u00f1o 2011 con la finalidad de brindar un espacio de encuentro y  de negocios, donde convergen las empresas, proveedores, organismos  p\u00fablicos y profesionales de la industria alimentaria.<\/p>\n\n\n\n<p>El evento, que se desarrolla cada a\u00f1o en el Centro de Eventos y \nConvenciones Espacio Riesco, es considerado el m\u00e1s importante de la \nindustria alimentaria en Chile y un referente a nivel Latinoamericano.<\/p>\n\n\n\n<p>Espacio Food &amp; Service est\u00e1 categorizada como una feria \ninternacional, que recibe en cada edici\u00f3n a m\u00e1s de 22&nbsp;mil personas, \nquienes se re\u00fanen para observar las \u00faltimas novedades y tendencias en \nproductos, servicios y tecnolog\u00edas. Adem\u00e1s, los participantes pueden \nconocer en qu\u00e9 est\u00e1 el mercado, los&nbsp;nuevos requerimientos de la \nautoridad y finalmente las tendencias del sector. Es una instancia&nbsp;que \nadem\u00e1s permite generar nuevas oportunidades de negocios.<\/p>\n\n\n\n<p>Este a\u00f1o se realizar\u00e1 el primer Congreso Internacional Alimentario, el que ser\u00e1 en modalidad online. Para ser parte de este evento es necesario registrarse en la p\u00e1gina web de <a href=\"https:\/\/www.espaciofoodservice.cl\/\">Espacio Food Service<\/a>.<\/p>\n\n\n\n<figure class=\"wp-block-image size-large\"><img decoding=\"async\" src=\"https:\/\/fcopalomo.cl\/cetalimentos\/wp-content\/uploads\/2023\/05\/LINKEDIN1200X6275-1024x535.jpg\" alt=\"\" class=\"wp-image-527\"\/><\/figure>\n","protected":false},"excerpt":{"rendered":"<p>El martes 28 de septiembre Espacio Food &amp; Service realizar\u00e1 el primer Congreso Internacional Alimentario Foodture 2021, donde se discutir\u00e1n los desaf\u00edos que enfrentamos del presente<span class=\"excerpt-hellip\"> [\u2026]<\/span><\/p>\n","protected":false},"author":2,"featured_media":527,"comment_status":"open","ping_status":"open","sticky":true,"template":"","format":"standard","meta":{"_themeisle_gutenberg_block_has_review":false,"_joinchat":[],"footnotes":""},"categories":[6],"tags":[],"class_list":["post-526","post","type-post","status-publish","format-standard","has-post-thumbnail","hentry","category-ceta"],"_links":{"self":[{"href":"https:\/\/cetalimentos.cl\/index.php\/wp-json\/wp\/v2\/posts\/526","targetHints":{"allow":["GET"]}}],"collection":[{"href":"https:\/\/cetalimentos.cl\/index.php\/wp-json\/wp\/v2\/posts"}],"about":[{"href":"https:\/\/cetalimentos.cl\/index.php\/wp-json\/wp\/v2\/types\/post"}],"author":[{"embeddable":true,"href":"https:\/\/cetalimentos.cl\/index.php\/wp-json\/wp\/v2\/users\/2"}],"replies":[{"embeddable":true,"href":"https:\/\/cetalimentos.cl\/index.php\/wp-json\/wp\/v2\/comments?post=526"}],"version-history":[{"count":0,"href":"https:\/\/cetalimentos.cl\/index.php\/wp-json\/wp\/v2\/posts\/526\/revisions"}],"wp:featuredmedia":[{"embeddable":true,"href":"https:\/\/cetalimentos.cl\/index.php\/wp-json\/wp\/v2\/media\/527"}],"wp:attachment":[{"href":"https:\/\/cetalimentos.cl\/index.php\/wp-json\/wp\/v2\/media?parent=526"}],"wp:term":[{"taxonomy":"category","embeddable":true,"href":"https:\/\/cetalimentos.cl\/index.php\/wp-json\/wp\/v2\/categories?post=526"},{"taxonomy":"post_tag","embeddable":true,"href":"https:\/\/cetalimentos.cl\/index.php\/wp-json\/wp\/v2\/tags?post=526"}],"curies":[{"name":"wp","href":"https:\/\/api.w.org\/{rel}","templated":true}]}}