{"id":3947,"date":"2026-03-12T16:19:59","date_gmt":"2026-03-12T20:19:59","guid":{"rendered":"https:\/\/cetalimentos.cl\/?p=3947"},"modified":"2026-04-14T12:12:36","modified_gmt":"2026-04-14T16:12:36","slug":"inta-recorre-capacidades-de-desarrollo-y-pilotaje-de-ceta","status":"publish","type":"post","link":"https:\/\/cetalimentos.cl\/index.php\/2026\/03\/12\/inta-recorre-capacidades-de-desarrollo-y-pilotaje-de-ceta\/","title":{"rendered":"Visita INTA: una alianza que conecta ciencia, tecnolog\u00eda y sector productivo"},"content":{"rendered":"\n<p>Representantes del Instituto de Nutrici\u00f3n y Tecnolog\u00eda de los Alimentos Dr. Fernando M\u00f6nckeberg Barros (INTA) de la Universidad de Chile visitaron las instalaciones del Centro Tecnol\u00f3gico para la Innovaci\u00f3n Alimentaria (CeTA) en Laguna Car\u00e9n, en una jornada orientada a fortalecer el intercambio t\u00e9cnico y la colaboraci\u00f3n entre ambas instituciones.<\/p>\n\n\n\n<p>La delegaci\u00f3n del INTA estuvo compuesta por <strong>Carmen Gloria Y\u00e1\u00f1ez<\/strong>, directora de Asistencia T\u00e9cnica (DINTA); <strong>Daniela Parra<\/strong>, ejecutiva de servicios anal\u00edticos y asesor\u00eda; y <strong>Constanza Golusda<\/strong>, ejecutiva comercial del instituto, quienes durante el recorrido por la planta piloto y los laboratorios especializados fueron acompa\u00f1adas por el presidente del directorio de CeTA y profesor em\u00e9rito de la Universidad de Chile, <strong>Roberto Neira, <\/strong>y guiadas por la jefa de Desarrollo y Calidad del centro, <strong>Juliana Holbach<\/strong>.<\/p>\n\n\n\n<p>Durante la visita, los representantes del instituto pudieron conocer en terreno las capacidades que CeTA pone a disposici\u00f3n de emprendedores, pymes y empresas para acompa\u00f1ar el desarrollo de nuevos productos alimentarios, desde las primeras formulaciones hasta su validaci\u00f3n preindustrial.<\/p>\n\n\n\n<p>Desde el INTA valoraron este tipo de encuentros como espacios que favorecen el intercambio t\u00e9cnico y la articulaci\u00f3n de capacidades para avanzar en soluciones que fortalezcan el desarrollo del sector alimentario del pa\u00eds.<\/p>\n\n\n\n<figure class=\"wp-block-gallery has-nested-images columns-default is-cropped wp-block-gallery-1 is-layout-flex wp-block-gallery-is-layout-flex\">\n<figure class=\"wp-block-image size-large\"><img loading=\"lazy\" decoding=\"async\" width=\"1024\" height=\"682\" data-id=\"3957\" src=\"https:\/\/cetalimentos.cl\/wp-content\/uploads\/2026\/03\/Ceremonia-Profesor-Emerito-a-Prof.-Roberto-Neira-06-11-2025-23-1024x682.jpg\" alt=\"\" class=\"wp-image-3957\" srcset=\"https:\/\/cetalimentos.cl\/wp-content\/uploads\/2026\/03\/Ceremonia-Profesor-Emerito-a-Prof.-Roberto-Neira-06-11-2025-23-1024x682.jpg 1024w, https:\/\/cetalimentos.cl\/wp-content\/uploads\/2026\/03\/Ceremonia-Profesor-Emerito-a-Prof.-Roberto-Neira-06-11-2025-23-300x200.jpg 300w, https:\/\/cetalimentos.cl\/wp-content\/uploads\/2026\/03\/Ceremonia-Profesor-Emerito-a-Prof.-Roberto-Neira-06-11-2025-23-768x512.jpg 768w, https:\/\/cetalimentos.cl\/wp-content\/uploads\/2026\/03\/Ceremonia-Profesor-Emerito-a-Prof.-Roberto-Neira-06-11-2025-23-1536x1024.jpg 1536w, https:\/\/cetalimentos.cl\/wp-content\/uploads\/2026\/03\/Ceremonia-Profesor-Emerito-a-Prof.-Roberto-Neira-06-11-2025-23-2048x1365.jpg 2048w, https:\/\/cetalimentos.cl\/wp-content\/uploads\/2026\/03\/Ceremonia-Profesor-Emerito-a-Prof.-Roberto-Neira-06-11-2025-23-219x146.jpg 219w, https:\/\/cetalimentos.cl\/wp-content\/uploads\/2026\/03\/Ceremonia-Profesor-Emerito-a-Prof.-Roberto-Neira-06-11-2025-23-50x33.jpg 50w, https:\/\/cetalimentos.cl\/wp-content\/uploads\/2026\/03\/Ceremonia-Profesor-Emerito-a-Prof.-Roberto-Neira-06-11-2025-23-113x75.jpg 113w\" sizes=\"auto, (max-width: 1024px) 100vw, 1024px\" \/><figcaption class=\"wp-element-caption\">Roberto Neira, Presidente del Directorio de CeTA<\/figcaption><\/figure>\n\n\n\n<figure class=\"wp-block-image size-large\"><img loading=\"lazy\" decoding=\"async\" width=\"1919\" height=\"2560\" data-id=\"3958\" src=\"https:\/\/cetalimentos.cl\/wp-content\/uploads\/2026\/03\/Juli-edited-scaled.jpg\" alt=\"\" class=\"wp-image-3958\" srcset=\"https:\/\/cetalimentos.cl\/wp-content\/uploads\/2026\/03\/Juli-edited-scaled.jpg 1919w, https:\/\/cetalimentos.cl\/wp-content\/uploads\/2026\/03\/Juli-edited-225x300.jpg 225w, https:\/\/cetalimentos.cl\/wp-content\/uploads\/2026\/03\/Juli-edited-767x1024.jpg 767w, https:\/\/cetalimentos.cl\/wp-content\/uploads\/2026\/03\/Juli-edited-768x1025.jpg 768w, https:\/\/cetalimentos.cl\/wp-content\/uploads\/2026\/03\/Juli-edited-1151x1536.jpg 1151w, https:\/\/cetalimentos.cl\/wp-content\/uploads\/2026\/03\/Juli-edited-1535x2048.jpg 1535w, https:\/\/cetalimentos.cl\/wp-content\/uploads\/2026\/03\/Juli-edited-109x146.jpg 109w, https:\/\/cetalimentos.cl\/wp-content\/uploads\/2026\/03\/Juli-edited-37x50.jpg 37w, https:\/\/cetalimentos.cl\/wp-content\/uploads\/2026\/03\/Juli-edited-56x75.jpg 56w\" sizes=\"auto, (max-width: 1919px) 100vw, 1919px\" \/><figcaption class=\"wp-element-caption\">Juliana Holbach, Jefa de Desarrollo y Calidad de CeTA<\/figcaption><\/figure>\n<\/figure>\n\n\n\n<h3 id=\"wp-block-themeisle-blocks-advanced-heading-92721e6d\" class=\"wp-block-themeisle-blocks-advanced-heading wp-block-themeisle-blocks-advanced-heading-92721e6d\"><strong>Capacidades para el desarrollo y escalamiento de alimentos<\/strong><\/h3>\n\n\n\n<p>Entre equipos de procesamiento, laboratorios de an\u00e1lisis y l\u00edneas de pilotaje para alimentos, el recorrido permiti\u00f3 revisar el flujo completo de trabajo que desarrolla el centro en la Zona Central y en las plantas del norte y sur del pa\u00eds, apoyando as\u00ed procesos de innovaci\u00f3n en la industria alimentaria nacional. Adem\u00e1s, se compartieron miradas sobre los desaf\u00edos actuales del sector y se proyectaron nuevas oportunidades de trabajo conjunto, en l\u00ednea con el v\u00ednculo hist\u00f3rico entre CeTA y la Universidad de Chile, instituci\u00f3n socia fundadora del centro.<\/p>\n\n\n\n<p><em>\u201cMostramos nuestra infraestructura piloto para el desarrollo y escalamiento de productos, junto con los laboratorios donde realizamos an\u00e1lisis fisicoqu\u00edmicos, microbiol\u00f3gicos y sensoriales durante las distintas etapas de los proyectos. La visita permiti\u00f3 evidenciar el flujo completo desde el prototipo hasta la validaci\u00f3n preindustrial<\/em>\u201d, explic\u00f3 <strong>Juliana Holbach,<\/strong> <strong>jefa de Desarrollo y Calidad de CeTA<\/strong>.<\/p>\n\n\n\n<p>La diversidad de procesos disponibles en la planta piloto permite acompa\u00f1ar t\u00e9cnicamente a empresas y emprendimientos en el desarrollo de nuevos alimentos, controlando variables cr\u00edticas de proceso y fortaleciendo la calidad e inocuidad de los productos.<\/p>\n\n\n\n<p><em>\u201cLa colaboraci\u00f3n con instituciones como INTA se traduce en soluciones basadas en evidencia cient\u00edfica y adaptadas a la realidad productiva. Esto permite optimizar formulaciones, mejorar procesos y validar t\u00e9cnicamente los prototipos antes de su escalamiento<\/em>\u201d, agreg\u00f3 Holbach.<\/p>\n\n\n\n<h3 id=\"wp-block-themeisle-blocks-advanced-heading-aacff4e2\" class=\"wp-block-themeisle-blocks-advanced-heading wp-block-themeisle-blocks-advanced-heading-aacff4e2\"><strong>Una alianza que conecta ciencia, tecnolog\u00eda y sector productivo<\/strong><\/h3>\n\n\n\n<p>La relaci\u00f3n entre CeTA y el INTA tambi\u00e9n tiene un componente estrat\u00e9gico vinculado al origen del centro y a la articulaci\u00f3n entre el mundo acad\u00e9mico, la innovaci\u00f3n tecnol\u00f3gica y el sector productivo.<\/p>\n\n\n\n<p><em>\u201cLa presencia del INTA en CeTA no es fortuita. La decisi\u00f3n de participar en la convocatoria de CORFO se gest\u00f3 en el propio Instituto, como expresi\u00f3n de una alianza fundacional con otras facultades de la Universidad y diversas instituciones de educaci\u00f3n superior<\/em>\u201d, se\u00f1al\u00f3 <strong>Roberto Neira, presidente del directorio de CeTA y profesor em\u00e9rito de la Universidad de Chile<\/strong>.<\/p>\n\n\n\n<p>Seg\u00fan explic\u00f3, esta colaboraci\u00f3n ha permitido integrar ciencia, tecnolog\u00eda y sector productivo en una estrategia com\u00fan orientada a impulsar el desarrollo alimentario del pa\u00eds.<\/p>\n\n\n\n<p><em>\u201cCeTA cumple un rol clave como puente entre conocimiento cient\u00edfico y aplicaci\u00f3n industrial. Nuestra tarea es transformar evidencia en soluciones concretas que permitan a productores y empresas innovar con mayor respaldo t\u00e9cnico y menor incertidumbre\u201d,<\/em> a\u00f1adi\u00f3 Neira.<\/p>\n\n\n\n<h3 id=\"wp-block-themeisle-blocks-advanced-heading-bc65aa24\" class=\"wp-block-themeisle-blocks-advanced-heading wp-block-themeisle-blocks-advanced-heading-bc65aa24\"><strong>Innovaci\u00f3n colaborativa para el futuro alimentario<\/strong><\/h3>\n\n\n\n<p>El encuentro permiti\u00f3 fortalecer el intercambio t\u00e9cnico entre ambas instituciones, compartir experiencias y alinear criterios cient\u00edficos y regulatorios en el \u00e1mbito de la innovaci\u00f3n alimentaria.<\/p>\n\n\n\n<p>En ese contexto, la articulaci\u00f3n entre centros tecnol\u00f3gicos e instituciones acad\u00e9micas se vuelve clave para acelerar la transferencia de conocimiento hacia el sector productivo y fomentar el desarrollo de nuevos alimentos con mayor valor agregado.<\/p>\n\n\n\n<p><em>\u201cChile necesita fortalecer su ecosistema de innovaci\u00f3n alimentaria con una mirada colaborativa. Cuando academia y centros tecnol\u00f3gicos trabajan coordinadamente, avanzamos hacia sistemas alimentarios m\u00e1s competitivos, seguros y sostenibles<\/em>\u201d, concluy\u00f3 Neira.<\/p>\n\n\n\n<figure class=\"wp-block-image size-large\"><img loading=\"lazy\" decoding=\"async\" width=\"1080\" height=\"720\" src=\"https:\/\/cetalimentos.cl\/wp-content\/uploads\/2026\/03\/WhatsApp-Image-2026-03-12-at-17.11.40-4-edited-1.jpeg\" alt=\"\" class=\"wp-image-3960\" srcset=\"https:\/\/cetalimentos.cl\/wp-content\/uploads\/2026\/03\/WhatsApp-Image-2026-03-12-at-17.11.40-4-edited-1.jpeg 1080w, https:\/\/cetalimentos.cl\/wp-content\/uploads\/2026\/03\/WhatsApp-Image-2026-03-12-at-17.11.40-4-edited-1-300x200.jpeg 300w, https:\/\/cetalimentos.cl\/wp-content\/uploads\/2026\/03\/WhatsApp-Image-2026-03-12-at-17.11.40-4-edited-1-1024x683.jpeg 1024w, https:\/\/cetalimentos.cl\/wp-content\/uploads\/2026\/03\/WhatsApp-Image-2026-03-12-at-17.11.40-4-edited-1-768x512.jpeg 768w, https:\/\/cetalimentos.cl\/wp-content\/uploads\/2026\/03\/WhatsApp-Image-2026-03-12-at-17.11.40-4-edited-1-219x146.jpeg 219w, https:\/\/cetalimentos.cl\/wp-content\/uploads\/2026\/03\/WhatsApp-Image-2026-03-12-at-17.11.40-4-edited-1-50x33.jpeg 50w, https:\/\/cetalimentos.cl\/wp-content\/uploads\/2026\/03\/WhatsApp-Image-2026-03-12-at-17.11.40-4-edited-1-113x75.jpeg 113w\" sizes=\"auto, (max-width: 1080px) 100vw, 1080px\" \/><\/figure>\n\n\n\n<h2 id=\"wp-block-themeisle-blocks-advanced-heading-b75c7f8c\" class=\"wp-block-themeisle-blocks-advanced-heading wp-block-themeisle-blocks-advanced-heading-b75c7f8c\">Revisa el video de la visita que comparti\u00f3 INTA en sus redes sociales:  <\/h2>\n\n\n\n<figure class=\"wp-block-video\"><video height=\"832\" style=\"aspect-ratio: 464 \/ 832;\" width=\"464\" controls preload=\"auto\" src=\"https:\/\/cetalimentos.cl\/wp-content\/uploads\/2026\/03\/linkedin-video.mp4\" playsinline><\/video><\/figure>\n","protected":false},"excerpt":{"rendered":"<p>Representantes del Instituto de Nutrici\u00f3n y Tecnolog\u00eda de los Alimentos Dr. Fernando M\u00f6nckeberg Barros (INTA) de la Universidad de Chile visitaron las instalaciones del Centro Tecnol\u00f3gico<span class=\"excerpt-hellip\"> [\u2026]<\/span><\/p>\n","protected":false},"author":2,"featured_media":3954,"comment_status":"closed","ping_status":"closed","sticky":true,"template":"","format":"standard","meta":{"_themeisle_gutenberg_block_has_review":false,"_joinchat":[],"footnotes":""},"categories":[5,6],"tags":[],"class_list":["post-3947","post","type-post","status-publish","format-standard","has-post-thumbnail","hentry","category-centro","category-ceta"],"_links":{"self":[{"href":"https:\/\/cetalimentos.cl\/index.php\/wp-json\/wp\/v2\/posts\/3947","targetHints":{"allow":["GET"]}}],"collection":[{"href":"https:\/\/cetalimentos.cl\/index.php\/wp-json\/wp\/v2\/posts"}],"about":[{"href":"https:\/\/cetalimentos.cl\/index.php\/wp-json\/wp\/v2\/types\/post"}],"author":[{"embeddable":true,"href":"https:\/\/cetalimentos.cl\/index.php\/wp-json\/wp\/v2\/users\/2"}],"replies":[{"embeddable":true,"href":"https:\/\/cetalimentos.cl\/index.php\/wp-json\/wp\/v2\/comments?post=3947"}],"version-history":[{"count":9,"href":"https:\/\/cetalimentos.cl\/index.php\/wp-json\/wp\/v2\/posts\/3947\/revisions"}],"predecessor-version":[{"id":3972,"href":"https:\/\/cetalimentos.cl\/index.php\/wp-json\/wp\/v2\/posts\/3947\/revisions\/3972"}],"wp:featuredmedia":[{"embeddable":true,"href":"https:\/\/cetalimentos.cl\/index.php\/wp-json\/wp\/v2\/media\/3954"}],"wp:attachment":[{"href":"https:\/\/cetalimentos.cl\/index.php\/wp-json\/wp\/v2\/media?parent=3947"}],"wp:term":[{"taxonomy":"category","embeddable":true,"href":"https:\/\/cetalimentos.cl\/index.php\/wp-json\/wp\/v2\/categories?post=3947"},{"taxonomy":"post_tag","embeddable":true,"href":"https:\/\/cetalimentos.cl\/index.php\/wp-json\/wp\/v2\/tags?post=3947"}],"curies":[{"name":"wp","href":"https:\/\/api.w.org\/{rel}","templated":true}]}}