{"id":3928,"date":"2026-03-12T14:43:09","date_gmt":"2026-03-12T18:43:09","guid":{"rendered":"https:\/\/cetalimentos.cl\/?p=3928"},"modified":"2026-04-14T12:12:44","modified_gmt":"2026-04-14T16:12:44","slug":"mujeres-que-lideran-las-voces-del-directorio-de-ceta","status":"publish","type":"post","link":"https:\/\/cetalimentos.cl\/index.php\/2026\/03\/12\/mujeres-que-lideran-las-voces-del-directorio-de-ceta\/","title":{"rendered":"Mujeres que lideran: las voces del directorio de CeTA"},"content":{"rendered":"\n<p>En el marco del D\u00eda Internacional de la Mujer, integrantes del directorio del Centro Tecnol\u00f3gico para la Innovaci\u00f3n Alimentaria (CeTA) reflexionan sobre los avances y desaf\u00edos que enfrentan las mujeres en ciencia, tecnolog\u00eda e innovaci\u00f3n. Desde sus trayectorias en academia, investigaci\u00f3n e industria, coinciden en que avanzar hacia una mayor equidad no s\u00f3lo es una cuesti\u00f3n de justicia, sino tambi\u00e9n un factor clave para fortalecer la innovaci\u00f3n y la toma de decisiones en sectores estrat\u00e9gicos como el alimentario.<\/p>\n\n\n\n<p>Las acad\u00e9micas e investigadoras Ariela Vergara Jaque, Mar\u00eda Ang\u00e9lica Fellenberg Plaza y Berta Schnettler Morales, junto a la ingeniera civil qu\u00edmica Mariana Soto Urz\u00faa, forman parte del directorio del centro, que actualmente cuenta con seis directoras entre titulares y suplentes.<\/p>\n\n\n\n<p><\/p>\n\n\n\n<h3 id=\"wp-block-themeisle-blocks-advanced-heading-d617756d\" class=\"wp-block-themeisle-blocks-advanced-heading wp-block-themeisle-blocks-advanced-heading-d617756d\">Brechas persistentes en ciencia y tecnolog\u00eda<\/h3>\n\n\n\n<p>Aunque en las \u00faltimas d\u00e9cadas la participaci\u00f3n femenina en la educaci\u00f3n superior ha crecido sostenidamente, la presencia de mujeres en \u00e1reas cient\u00edficas y tecnol\u00f3gicas \u2014especialmente en cargos de liderazgo\u2014 sigue siendo menor.<\/p>\n\n\n\n<p>Para <strong>Mar\u00eda Ang\u00e9lica Fellenberg<\/strong>, Vicerrectora de Investigaci\u00f3n y Postgrado de la Pontificia Universidad Cat\u00f3lica de Chile y acad\u00e9mica de la Facultad de Agronom\u00eda y Sistemas Naturales, la brecha se hace evidente a lo largo de las trayectorias cient\u00edficas: \u201c<em>Si bien en pregrado somos mayor\u00eda, nuestra presencia disminuye en posgrado y en investigaci\u00f3n, donde s\u00f3lo el 35,8% corresponde a mujeres. Esta brecha se profundiza en \u00e1reas STEM, donde apenas un 7,8% de las tituladas pertenece a estas disciplinas<\/em>\u201d, se\u00f1ala.<\/p>\n\n\n\n<p>A ello se suman otras desigualdades en la producci\u00f3n cient\u00edfica. Entre 2008 y 2024, s\u00f3lo el 40,2% de las publicaciones en revistas indexadas fueron realizadas por mujeres, mientras que las solicitudes de patentes vinculadas a investigaciones lideradas por ellas fluctuaron entre un 19% y un 25% entre 2017 y 2022.<\/p>\n\n\n\n<figure class=\"wp-block-gallery has-nested-images columns-default is-cropped wp-block-gallery-1 is-layout-flex wp-block-gallery-is-layout-flex\">\n<figure class=\"wp-block-image size-large\"><img loading=\"lazy\" decoding=\"async\" width=\"1024\" height=\"901\" data-id=\"3929\" src=\"https:\/\/cetalimentos.cl\/wp-content\/uploads\/2026\/03\/mafellenberg-4-scaled-e1773340427778-1024x901.jpg\" alt=\"\" class=\"wp-image-3929\" srcset=\"https:\/\/cetalimentos.cl\/wp-content\/uploads\/2026\/03\/mafellenberg-4-scaled-e1773340427778-1024x901.jpg 1024w, https:\/\/cetalimentos.cl\/wp-content\/uploads\/2026\/03\/mafellenberg-4-scaled-e1773340427778-300x264.jpg 300w, https:\/\/cetalimentos.cl\/wp-content\/uploads\/2026\/03\/mafellenberg-4-scaled-e1773340427778-768x676.jpg 768w, https:\/\/cetalimentos.cl\/wp-content\/uploads\/2026\/03\/mafellenberg-4-scaled-e1773340427778-1536x1352.jpg 1536w, https:\/\/cetalimentos.cl\/wp-content\/uploads\/2026\/03\/mafellenberg-4-scaled-e1773340427778-166x146.jpg 166w, https:\/\/cetalimentos.cl\/wp-content\/uploads\/2026\/03\/mafellenberg-4-scaled-e1773340427778-50x44.jpg 50w, https:\/\/cetalimentos.cl\/wp-content\/uploads\/2026\/03\/mafellenberg-4-scaled-e1773340427778-85x75.jpg 85w, https:\/\/cetalimentos.cl\/wp-content\/uploads\/2026\/03\/mafellenberg-4-scaled-e1773340427778.jpg 1545w\" sizes=\"auto, (max-width: 1024px) 100vw, 1024px\" \/><figcaption class=\"wp-element-caption\"><strong>Mar\u00eda Ang\u00e9lica Fellenberg,<\/strong> Vicerrectora de Investigaci\u00f3n y Postgrado de la Pontificia Universidad Cat\u00f3lica<\/figcaption><\/figure>\n\n\n\n<figure class=\"wp-block-image size-large\"><img loading=\"lazy\" decoding=\"async\" width=\"2560\" height=\"1706\" data-id=\"3943\" src=\"https:\/\/cetalimentos.cl\/wp-content\/uploads\/2026\/03\/IMG_20191002_163241-foto-mia-edited-scaled.jpg\" alt=\"\" class=\"wp-image-3943\" srcset=\"https:\/\/cetalimentos.cl\/wp-content\/uploads\/2026\/03\/IMG_20191002_163241-foto-mia-edited-scaled.jpg 2560w, https:\/\/cetalimentos.cl\/wp-content\/uploads\/2026\/03\/IMG_20191002_163241-foto-mia-edited-300x200.jpg 300w, https:\/\/cetalimentos.cl\/wp-content\/uploads\/2026\/03\/IMG_20191002_163241-foto-mia-edited-1024x683.jpg 1024w, https:\/\/cetalimentos.cl\/wp-content\/uploads\/2026\/03\/IMG_20191002_163241-foto-mia-edited-768x512.jpg 768w, https:\/\/cetalimentos.cl\/wp-content\/uploads\/2026\/03\/IMG_20191002_163241-foto-mia-edited-1536x1024.jpg 1536w, https:\/\/cetalimentos.cl\/wp-content\/uploads\/2026\/03\/IMG_20191002_163241-foto-mia-edited-2048x1365.jpg 2048w, https:\/\/cetalimentos.cl\/wp-content\/uploads\/2026\/03\/IMG_20191002_163241-foto-mia-edited-219x146.jpg 219w, https:\/\/cetalimentos.cl\/wp-content\/uploads\/2026\/03\/IMG_20191002_163241-foto-mia-edited-50x33.jpg 50w, https:\/\/cetalimentos.cl\/wp-content\/uploads\/2026\/03\/IMG_20191002_163241-foto-mia-edited-113x75.jpg 113w\" sizes=\"auto, (max-width: 2560px) 100vw, 2560px\" \/><figcaption class=\"wp-element-caption\"><strong>Mariana Soto, <\/strong>ingeniera civil qu\u00edmica, gerente general CENEM y ex presidenta del directorio de CeTA<\/figcaption><\/figure>\n<\/figure>\n\n\n\n<p><\/p>\n\n\n\n<p>Seg\u00fan advierten las especialistas, parte importante de estas brechas se relaciona con factores estructurales vinculados a la relaci\u00f3n entre carrera cient\u00edfica y responsabilidades familiares. <\/p>\n\n\n\n<p>Desde la investigaci\u00f3n en ciencias sociales aplicadas a la alimentaci\u00f3n y la vida familiar, la\u00a0profesora titular del Departamento de Producci\u00f3n Agropecuaria de la Universidad de La Frontera (UFRO), <strong>Berta Schnettler, <\/strong>coincide en que estas barreras siguen siendo relevantes: <em>\u201cUno de los desaf\u00edos es desarrollar pol\u00edticas y culturas organizacionales que permitan un mayor equilibrio entre el trabajo y la familia, ya que las mujeres seguimos siendo, en gran medida, las principales responsables del cuidado del hogar<\/em>\u201d, explica.<\/p>\n\n\n\n<p>Estas condiciones, advierten, impactan directamente en la continuidad de las carreras cient\u00edficas y en la posibilidad de asumir roles de liderazgo. <\/p>\n\n\n\n<p>Para <strong>Mariana Soto<\/strong>, ingeniera civil qu\u00edmica, gerente general del Centro de Envases y Embalajes de Chile (CENEM) y ex presidenta del directorio de CeTA, la subrepresentaci\u00f3n femenina tambi\u00e9n es evidente en el mundo industrial. \u201c<em>Los principales desaf\u00edos siguen siendo la subrepresentaci\u00f3n en cargos de decisi\u00f3n, los sesgos \u2014a veces sutiles\u2014 sobre capacidades t\u00e9cnicas y liderazgo, y la dificultad de compatibilizar carreras exigentes con la vida familiar, especialmente en contextos de alta presencia en terreno o turnos<\/em>\u201d, se\u00f1ala, a partir de su experiencia de m\u00e1s de dos d\u00e9cadas trabajando en plantas de manufactura.<\/p>\n\n\n\n<p><\/p>\n\n\n\n<h3 id=\"wp-block-themeisle-blocks-advanced-heading-a8269d15\" class=\"wp-block-themeisle-blocks-advanced-heading wp-block-themeisle-blocks-advanced-heading-a8269d15\">La importancia de visibilizar referentes<\/h3>\n\n\n\n<p>Otro factor clave para avanzar hacia una mayor equidad es la visibilizaci\u00f3n de mujeres l\u00edderes en ciencia, tecnolog\u00eda e innovaci\u00f3n.<\/p>\n\n\n\n<p>Seg\u00fan consigna Radio Cooperativa, a la fecha s\u00f3lo nueve mujeres han sido reconocidas con el Premio Nacional de Ciencias: tres en Ciencias Exactas, tres en Ciencias Naturales y tres en Humanidades y Ciencias Sociales. Ninguna mujer ha obtenido a\u00fan el Premio Nacional de Ciencias Aplicadas y Tecnol\u00f3gicas.<\/p>\n\n\n\n<p>Para la bioinform\u00e1tica <strong>Ariela Vergara<\/strong>, acad\u00e9mica y Directora de Innovaci\u00f3n y Transferencia de la Universidad de Talca, la ausencia de referentes visibles puede influir directamente en las decisiones vocacionales de ni\u00f1as y j\u00f3venes.<\/p>\n\n\n\n<p>\u201c<em>Uno de los principales desaf\u00edos es fortalecer la presencia de referentes femeninos en \u00e1reas que hist\u00f3ricamente han estado subrepresentadas por mujeres. La falta de visibilidad de trayectorias femeninas puede influir en las decisiones vocacionales y en las oportunidades de desarrollo profesional de las nuevas generaciones<\/em>\u201d, afirma.<\/p>\n\n\n\n<p>En la misma l\u00ednea, Schnettler subraya la importancia de reconocer trayectorias que han abierto camino en estos \u00e1mbitos.<\/p>\n\n\n\n<p>\u201c<em>Las universidades y centros de investigaci\u00f3n deben dar m\u00e1s visibilidad a las investigaciones lideradas por mujeres y reconocer a las investigadoras de larga trayectoria que demostraron que las mujeres podemos hacer ciencia y tecnolog\u00eda y sentaron las bases para que hoy seamos m\u00e1s<\/em>\u201d, se\u00f1ala.<\/p>\n\n\n\n<p><\/p>\n\n\n\n<h3 id=\"wp-block-themeisle-blocks-advanced-heading-99e1b7a0\" class=\"wp-block-themeisle-blocks-advanced-heading wp-block-themeisle-blocks-advanced-heading-99e1b7a0\">Nuevas oportunidades en industrias en transformaci\u00f3n<\/h3>\n\n\n\n<p>Junto con los desaf\u00edos, las entrevistadas coinciden en que el contexto actual tambi\u00e9n abre nuevas oportunidades para la participaci\u00f3n femenina, especialmente en sectores que atraviesan profundas transformaciones tecnol\u00f3gicas.<\/p>\n\n\n\n<p>Soto destaca que procesos como la sostenibilidad, la econom\u00eda circular, la automatizaci\u00f3n y la Industria 4.0 est\u00e1n redefiniendo las capacidades que requiere la industria. \u201c<em>La industria est\u00e1 viviendo una transformaci\u00f3n fuerte por sostenibilidad, econom\u00eda circular, automatizaci\u00f3n e Industria 4.0, y eso requiere talento t\u00e9cnico y liderazgo con una mirada m\u00e1s integra<\/em>l\u201d, afirma.<\/p>\n\n\n\n<p>En ese escenario, la articulaci\u00f3n entre ciencia, innovaci\u00f3n y desarrollo productivo abre espacios para que m\u00e1s mujeres lideren proyectos tecnol\u00f3gicos y procesos de transferencia de conocimiento hacia la industria.<\/p>\n\n\n\n<figure class=\"wp-block-gallery has-nested-images columns-default is-cropped wp-block-gallery-2 is-layout-flex wp-block-gallery-is-layout-flex\">\n<figure class=\"wp-block-image size-large\"><img loading=\"lazy\" decoding=\"async\" width=\"1024\" height=\"922\" data-id=\"3936\" src=\"https:\/\/cetalimentos.cl\/wp-content\/uploads\/2026\/03\/RETRATO-AVJ-3.jpg-scaled-e1773340373101-1024x922.jpeg\" alt=\"\" class=\"wp-image-3936\" srcset=\"https:\/\/cetalimentos.cl\/wp-content\/uploads\/2026\/03\/RETRATO-AVJ-3.jpg-scaled-e1773340373101-1024x922.jpeg 1024w, https:\/\/cetalimentos.cl\/wp-content\/uploads\/2026\/03\/RETRATO-AVJ-3.jpg-scaled-e1773340373101-300x270.jpeg 300w, https:\/\/cetalimentos.cl\/wp-content\/uploads\/2026\/03\/RETRATO-AVJ-3.jpg-scaled-e1773340373101-768x691.jpeg 768w, https:\/\/cetalimentos.cl\/wp-content\/uploads\/2026\/03\/RETRATO-AVJ-3.jpg-scaled-e1773340373101-1536x1382.jpeg 1536w, https:\/\/cetalimentos.cl\/wp-content\/uploads\/2026\/03\/RETRATO-AVJ-3.jpg-scaled-e1773340373101-162x146.jpeg 162w, https:\/\/cetalimentos.cl\/wp-content\/uploads\/2026\/03\/RETRATO-AVJ-3.jpg-scaled-e1773340373101-50x45.jpeg 50w, https:\/\/cetalimentos.cl\/wp-content\/uploads\/2026\/03\/RETRATO-AVJ-3.jpg-scaled-e1773340373101-83x75.jpeg 83w, https:\/\/cetalimentos.cl\/wp-content\/uploads\/2026\/03\/RETRATO-AVJ-3.jpg-scaled-e1773340373101.jpeg 1920w\" sizes=\"auto, (max-width: 1024px) 100vw, 1024px\" \/><figcaption class=\"wp-element-caption\"><strong>Ariela Vergara, <\/strong> Directora de Innovaci\u00f3n y Transferencia de la Universidad de Talca<\/figcaption><\/figure>\n\n\n\n<figure class=\"wp-block-image size-large\"><img loading=\"lazy\" decoding=\"async\" width=\"1024\" height=\"769\" data-id=\"3934\" src=\"https:\/\/cetalimentos.cl\/wp-content\/uploads\/2026\/03\/berta-7131-edited-1024x769.jpg\" alt=\"\" class=\"wp-image-3934\" srcset=\"https:\/\/cetalimentos.cl\/wp-content\/uploads\/2026\/03\/berta-7131-edited-1024x769.jpg 1024w, https:\/\/cetalimentos.cl\/wp-content\/uploads\/2026\/03\/berta-7131-edited-300x225.jpg 300w, https:\/\/cetalimentos.cl\/wp-content\/uploads\/2026\/03\/berta-7131-edited-768x576.jpg 768w, https:\/\/cetalimentos.cl\/wp-content\/uploads\/2026\/03\/berta-7131-edited-1536x1153.jpg 1536w, https:\/\/cetalimentos.cl\/wp-content\/uploads\/2026\/03\/berta-7131-edited-195x146.jpg 195w, https:\/\/cetalimentos.cl\/wp-content\/uploads\/2026\/03\/berta-7131-edited-50x38.jpg 50w, https:\/\/cetalimentos.cl\/wp-content\/uploads\/2026\/03\/berta-7131-edited-100x75.jpg 100w, https:\/\/cetalimentos.cl\/wp-content\/uploads\/2026\/03\/berta-7131-edited-960x720.jpg 960w, https:\/\/cetalimentos.cl\/wp-content\/uploads\/2026\/03\/berta-7131-edited.jpg 1776w\" sizes=\"auto, (max-width: 1024px) 100vw, 1024px\" \/><figcaption class=\"wp-element-caption\"><strong>Berta Schnettler, <\/strong>acad\u00e9mica titular del Departamento de Producci\u00f3n Agropecuaria de la Universidad de La Frontera<\/figcaption><\/figure>\n<\/figure>\n\n\n\n<p><\/p>\n\n\n\n<h3 id=\"wp-block-themeisle-blocks-advanced-heading-214bfdd1\" class=\"wp-block-themeisle-blocks-advanced-heading wp-block-themeisle-blocks-advanced-heading-214bfdd1\">Diversidad para fortalecer la toma de decisiones<\/h3>\n\n\n\n<p>M\u00e1s all\u00e1 de la representaci\u00f3n, las directoras coinciden en que la diversidad en los espacios de decisi\u00f3n aporta valor concreto a la gobernanza institucional.<\/p>\n\n\n\n<p>Desde su experiencia investigando bienestar familiar, Schnettler destaca que los liderazgos diversos enriquecen los procesos de decisi\u00f3n. \u201c<em>La presencia femenina en espacios de poder contribuye a decisiones m\u00e1s inclusivas y representativas, incorporando perspectivas diversas que suelen quedar fuera cuando la gobernanza es homog\u00e9nea<\/em>\u201d, explica.<\/p>\n\n\n\n<p>Vergara coincide en que promover equipos diversos permite abordar los desaf\u00edos actuales desde m\u00faltiples miradas: \u201c<em>La diversidad en los grupos de trabajo fortalece la toma de decisiones y contribuye a desarrollar soluciones m\u00e1s integrales para los desaf\u00edos actuales<\/em>\u201d, se\u00f1ala.<\/p>\n\n\n\n<p>Para Soto, esta complementariedad resulta especialmente relevante en organizaciones que impulsan innovaci\u00f3n y transferencia tecnol\u00f3gica: \u201c<em>La diversidad, bien gestionada, eleva el est\u00e1ndar y mejora los resultados<\/em>\u201d, concluye.<\/p>\n\n\n\n<p><\/p>\n\n\n\n<h3 id=\"wp-block-themeisle-blocks-advanced-heading-5b28a324\" class=\"wp-block-themeisle-blocks-advanced-heading wp-block-themeisle-blocks-advanced-heading-5b28a324\">Gobernanza con mirada de futuro<\/h3>\n\n\n\n<p>Desde la academia, la investigaci\u00f3n y el sector productivo, las directoras coinciden en que avanzar hacia una mayor participaci\u00f3n femenina en espacios de liderazgo no s\u00f3lo responde a un principio de equidad, sino tambi\u00e9n a la necesidad de fortalecer la innovaci\u00f3n y la gobernanza de instituciones que enfrentan desaf\u00edos cada vez m\u00e1s complejos.<\/p>\n\n\n\n<p>Schnettler destaca que distintos estudios han evidenciado el aporte de los liderazgos femeninos en estos espacios: &#8220;Los liderazgos femeninos &#8220;Suelen destacar por atributos como la empat\u00eda, la cercan\u00eda, la capacidad de generar confianza y la construcci\u00f3n de climas laborales m\u00e1s colaborativos, lo que facilita tambi\u00e9n la resoluci\u00f3n de conflictos\u201d, se\u00f1ala.<\/p>\n\n\n\n<p>En esa l\u00ednea, agrega que el aumento de mujeres en directorios ha sido reconocido como un apoyo estrat\u00e9gico para una gobernanza m\u00e1s innovadora y con visi\u00f3n de largo plazo, en coherencia con pol\u00edticas p\u00fablicas como M\u00e1s Mujeres en Directorios.<\/p>\n\n\n\n<p>Para Soto, la participaci\u00f3n femenina tambi\u00e9n aporta una mirada particular a la conducci\u00f3n institucional: \u201c<em>Las mujeres tenemos una capacidad valiosa para integrar visi\u00f3n estrat\u00e9gica con ejecuci\u00f3n y para cuidar la calidad de los procesos sin perder el foco en los resultados. En espacios de gobernanza, esa combinaci\u00f3n permite avanzar con rigurosidad, coherencia y sentido de prop\u00f3sito<\/em>\u201d, concluye.<\/p>\n\n\n\n<p>En ese contexto, la presencia de mujeres en instancias como el directorio de CeTA refleja una tendencia creciente en el ecosistema cient\u00edfico y tecnol\u00f3gico: incorporar miradas diversas como un elemento clave para impulsar soluciones m\u00e1s innovadoras, colaborativas y sostenibles para el desarrollo del pa\u00eds.<\/p>\n","protected":false},"excerpt":{"rendered":"<p>En el marco del D\u00eda Internacional de la Mujer, integrantes del directorio del Centro Tecnol\u00f3gico para la Innovaci\u00f3n Alimentaria (CeTA) reflexionan sobre los avances y desaf\u00edos<span class=\"excerpt-hellip\"> [\u2026]<\/span><\/p>\n","protected":false},"author":2,"featured_media":3984,"comment_status":"closed","ping_status":"closed","sticky":true,"template":"","format":"standard","meta":{"_themeisle_gutenberg_block_has_review":false,"_joinchat":[],"footnotes":""},"categories":[6],"tags":[],"class_list":["post-3928","post","type-post","status-publish","format-standard","has-post-thumbnail","hentry","category-ceta"],"_links":{"self":[{"href":"https:\/\/cetalimentos.cl\/index.php\/wp-json\/wp\/v2\/posts\/3928","targetHints":{"allow":["GET"]}}],"collection":[{"href":"https:\/\/cetalimentos.cl\/index.php\/wp-json\/wp\/v2\/posts"}],"about":[{"href":"https:\/\/cetalimentos.cl\/index.php\/wp-json\/wp\/v2\/types\/post"}],"author":[{"embeddable":true,"href":"https:\/\/cetalimentos.cl\/index.php\/wp-json\/wp\/v2\/users\/2"}],"replies":[{"embeddable":true,"href":"https:\/\/cetalimentos.cl\/index.php\/wp-json\/wp\/v2\/comments?post=3928"}],"version-history":[{"count":12,"href":"https:\/\/cetalimentos.cl\/index.php\/wp-json\/wp\/v2\/posts\/3928\/revisions"}],"predecessor-version":[{"id":3969,"href":"https:\/\/cetalimentos.cl\/index.php\/wp-json\/wp\/v2\/posts\/3928\/revisions\/3969"}],"wp:featuredmedia":[{"embeddable":true,"href":"https:\/\/cetalimentos.cl\/index.php\/wp-json\/wp\/v2\/media\/3984"}],"wp:attachment":[{"href":"https:\/\/cetalimentos.cl\/index.php\/wp-json\/wp\/v2\/media?parent=3928"}],"wp:term":[{"taxonomy":"category","embeddable":true,"href":"https:\/\/cetalimentos.cl\/index.php\/wp-json\/wp\/v2\/categories?post=3928"},{"taxonomy":"post_tag","embeddable":true,"href":"https:\/\/cetalimentos.cl\/index.php\/wp-json\/wp\/v2\/tags?post=3928"}],"curies":[{"name":"wp","href":"https:\/\/api.w.org\/{rel}","templated":true}]}}