{"id":3320,"date":"2025-08-10T15:03:42","date_gmt":"2025-08-10T19:03:42","guid":{"rendered":"https:\/\/cetalimentos.cl\/?p=3320"},"modified":"2025-08-17T19:58:04","modified_gmt":"2025-08-17T23:58:04","slug":"maria-angelica-fellenberg-se-incorpora-al-directorio-de-ceta-en-representacion-de-la-pontificia-universidad-catolica","status":"publish","type":"post","link":"https:\/\/cetalimentos.cl\/index.php\/2025\/08\/10\/maria-angelica-fellenberg-se-incorpora-al-directorio-de-ceta-en-representacion-de-la-pontificia-universidad-catolica\/","title":{"rendered":"Mar\u00eda Ang\u00e9lica Fellenberg se incorpora al Directorio de CeTA en representaci\u00f3n de la Pontificia Universidad Cat\u00f3lica"},"content":{"rendered":"\n<p>El Centro Tecnol\u00f3gico para la Innovaci\u00f3n Alimentaria (CeTA) da la bienvenida a Mar\u00eda Ang\u00e9lica Fellenberg, Vicerrectora de Investigaci\u00f3n y Postgrado de la Pontificia Universidad Cat\u00f3lica, quien se integra a su Directorio como representante de esta casa de estudios.<\/p>\n\n\n\n<p>Con una reconocida trayectoria en investigaci\u00f3n, innovaci\u00f3n y liderazgo acad\u00e9mico, su incorporaci\u00f3n refuerza el compromiso de CeTA con la vinculaci\u00f3n p\u00fablico-privada y el impulso a la ciencia y tecnolog\u00eda aplicada en el sector alimentario.<\/p>\n\n\n\n<p><\/p>\n\n\n\n<h5 id=\"wp-block-themeisle-blocks-advanced-heading-c859503f\" class=\"wp-block-themeisle-blocks-advanced-heading wp-block-themeisle-blocks-advanced-heading-c859503f\"><strong>Acad\u00e9mica, investigadora y referente en innovaci\u00f3n alimentaria y educaci\u00f3n superior<\/strong><\/h5>\n\n\n\n<p>Mar\u00eda Ang\u00e9lica Fellenberg es Vicerrectora de Investigaci\u00f3n y Postgrado, exdecana y acad\u00e9mica de la Facultad de Agronom\u00eda y Sistemas Naturales de la Universidad Cat\u00f3lica, presidenta del Consejo Consultivo de la Fundaci\u00f3n Copec-UC y codirectora de IFAN.<\/p>\n\n\n\n<p>Curs\u00f3 su pregrado y doctorado en Ciencias de la Agronom\u00eda en la Pontificia Universidad Cat\u00f3lica de Chile, y posee un Mag\u00edster en Ciencias de la Nutrici\u00f3n con especializaci\u00f3n en alimentos saludables por la Universidad de Chile.<\/p>\n\n\n\n<p>Acad\u00e9mica de la Facultad de Agronom\u00eda y Sistemas Naturales por m\u00e1s de 25 a\u00f1os, fue su decana desde 2023, convirti\u00e9ndose en la primera mujer en liderar esta facultad en 120 a\u00f1os. Su labor investigativa se ha centrado en alimentaci\u00f3n e inocuidad alimentaria, liderando iniciativas como IFAN y un proyecto FIC en la Regi\u00f3n de O\u2019Higgins orientado a garantizar la seguridad de los alimentos.<\/p>\n\n\n\n<p>Entre 2020 y 2024, presidi\u00f3 el Consejo Consultivo de la Fundaci\u00f3n Copec-UC.<\/p>\n\n\n\n<div class=\"wp-block-media-text has-media-on-the-right is-stacked-on-mobile\" style=\"grid-template-columns:auto 43%\"><div class=\"wp-block-media-text__content\">\n<p>Mar\u00eda Ang\u00e9lica Fellenberg, Vicerrectora de Investigaci\u00f3n y Postgrado, Pontificia Universidad Cat\u00f3lica.<\/p>\n<\/div><figure class=\"wp-block-media-text__media\"><img loading=\"lazy\" decoding=\"async\" width=\"1024\" height=\"678\" src=\"https:\/\/cetalimentos.cl\/wp-content\/uploads\/2025\/08\/Maria-Angelica-fellenberg-1024x678.jpg\" alt=\"\" class=\"wp-image-3323 size-full\" srcset=\"https:\/\/cetalimentos.cl\/wp-content\/uploads\/2025\/08\/Maria-Angelica-fellenberg-1024x678.jpg 1024w, https:\/\/cetalimentos.cl\/wp-content\/uploads\/2025\/08\/Maria-Angelica-fellenberg-300x199.jpg 300w, https:\/\/cetalimentos.cl\/wp-content\/uploads\/2025\/08\/Maria-Angelica-fellenberg-768x509.jpg 768w, https:\/\/cetalimentos.cl\/wp-content\/uploads\/2025\/08\/Maria-Angelica-fellenberg-1536x1018.jpg 1536w, https:\/\/cetalimentos.cl\/wp-content\/uploads\/2025\/08\/Maria-Angelica-fellenberg-220x146.jpg 220w, https:\/\/cetalimentos.cl\/wp-content\/uploads\/2025\/08\/Maria-Angelica-fellenberg-50x33.jpg 50w, https:\/\/cetalimentos.cl\/wp-content\/uploads\/2025\/08\/Maria-Angelica-fellenberg-113x75.jpg 113w, https:\/\/cetalimentos.cl\/wp-content\/uploads\/2025\/08\/Maria-Angelica-fellenberg.jpg 2000w\" sizes=\"auto, (max-width: 1024px) 100vw, 1024px\" \/><\/figure><\/div>\n","protected":false},"excerpt":{"rendered":"<p>El Centro Tecnol\u00f3gico para la Innovaci\u00f3n Alimentaria (CeTA) da la bienvenida a Mar\u00eda Ang\u00e9lica Fellenberg, Vicerrectora de Investigaci\u00f3n y Postgrado de la Pontificia Universidad Cat\u00f3lica, quien<span class=\"excerpt-hellip\"> [\u2026]<\/span><\/p>\n","protected":false},"author":2,"featured_media":3324,"comment_status":"closed","ping_status":"closed","sticky":true,"template":"","format":"standard","meta":{"_themeisle_gutenberg_block_has_review":false,"_joinchat":[],"footnotes":""},"categories":[6],"tags":[],"class_list":["post-3320","post","type-post","status-publish","format-standard","has-post-thumbnail","hentry","category-ceta"],"_links":{"self":[{"href":"https:\/\/cetalimentos.cl\/index.php\/wp-json\/wp\/v2\/posts\/3320","targetHints":{"allow":["GET"]}}],"collection":[{"href":"https:\/\/cetalimentos.cl\/index.php\/wp-json\/wp\/v2\/posts"}],"about":[{"href":"https:\/\/cetalimentos.cl\/index.php\/wp-json\/wp\/v2\/types\/post"}],"author":[{"embeddable":true,"href":"https:\/\/cetalimentos.cl\/index.php\/wp-json\/wp\/v2\/users\/2"}],"replies":[{"embeddable":true,"href":"https:\/\/cetalimentos.cl\/index.php\/wp-json\/wp\/v2\/comments?post=3320"}],"version-history":[{"count":7,"href":"https:\/\/cetalimentos.cl\/index.php\/wp-json\/wp\/v2\/posts\/3320\/revisions"}],"predecessor-version":[{"id":3351,"href":"https:\/\/cetalimentos.cl\/index.php\/wp-json\/wp\/v2\/posts\/3320\/revisions\/3351"}],"wp:featuredmedia":[{"embeddable":true,"href":"https:\/\/cetalimentos.cl\/index.php\/wp-json\/wp\/v2\/media\/3324"}],"wp:attachment":[{"href":"https:\/\/cetalimentos.cl\/index.php\/wp-json\/wp\/v2\/media?parent=3320"}],"wp:term":[{"taxonomy":"category","embeddable":true,"href":"https:\/\/cetalimentos.cl\/index.php\/wp-json\/wp\/v2\/categories?post=3320"},{"taxonomy":"post_tag","embeddable":true,"href":"https:\/\/cetalimentos.cl\/index.php\/wp-json\/wp\/v2\/tags?post=3320"}],"curies":[{"name":"wp","href":"https:\/\/api.w.org\/{rel}","templated":true}]}}