{"id":3245,"date":"2025-07-13T16:57:26","date_gmt":"2025-07-13T20:57:26","guid":{"rendered":"https:\/\/cetalimentos.cl\/?p=3245"},"modified":"2025-07-13T17:31:07","modified_gmt":"2025-07-13T21:31:07","slug":"ceta-zona-norte-potencia-la-formacion-profesional-en-alimentos-con-estudiantes-de-la-region-de-coquimbo","status":"publish","type":"post","link":"https:\/\/cetalimentos.cl\/index.php\/2025\/07\/13\/ceta-zona-norte-potencia-la-formacion-profesional-en-alimentos-con-estudiantes-de-la-region-de-coquimbo\/","title":{"rendered":"CeTA Zona Norte potencia la formaci\u00f3n profesional en alimentos con estudiantes de la Regi\u00f3n de Coquimbo"},"content":{"rendered":"\n<h5 id=\"wp-block-themeisle-blocks-advanced-heading-4045c452\" class=\"wp-block-themeisle-blocks-advanced-heading wp-block-themeisle-blocks-advanced-heading-4045c452\">Durante el primer semestre de 2025, CeTA Zona Norte abri\u00f3 sus puertas a estudiantes en pr\u00e1ctica de la Universidad de La Serena y la Universidad Central sede La Serena, contribuyendo activamente a la formaci\u00f3n de futuros profesionales del \u00e1mbito alimentario. Las experiencias se desarrollaron en la planta piloto ubicada en Coquimbo, y permitieron que los y las estudiantes aplicaran sus conocimientos en un entorno real de innovaci\u00f3n, con acompa\u00f1amiento t\u00e9cnico y trabajo colaborativo en proyectos de desarrollo de productos.<\/h5>\n\n\n\n<p>Entre marzo y junio de este a\u00f1o, se llevaron a cabo cuatro rotativas de estudiantes de la <strong>carrera de Nutrici\u00f3n y Diet\u00e9tica de la Universidad Central,<\/strong> quienes asistieron dos veces por semana bajo la supervisi\u00f3n de la profesora Daniela Cuiti\u00f1o. Participaron en dicha oportunidad de pr\u00e1cticas los estudiantes Monserrat Campusano, Nicol\u00e1s Bravo, Dabne Garc\u00eda, Giselle Hidalgo, Andrea Peralta, Catalina Mu\u00f1oz, Sasha Rojas y Jhade Saavedra. <\/p>\n\n\n\n<figure class=\"wp-block-gallery has-nested-images columns-1 wp-block-gallery-1 is-layout-flex wp-block-gallery-is-layout-flex\">\n<figure class=\"wp-block-image size-full\"><img loading=\"lazy\" decoding=\"async\" width=\"1200\" height=\"900\" data-id=\"3253\" src=\"https:\/\/cetalimentos.cl\/wp-content\/uploads\/2025\/07\/Practica-Intermedia-U-Central-Dabne-y-Gisselle-edited.jpeg\" alt=\"\" class=\"wp-image-3253\" srcset=\"https:\/\/cetalimentos.cl\/wp-content\/uploads\/2025\/07\/Practica-Intermedia-U-Central-Dabne-y-Gisselle-edited.jpeg 1200w, https:\/\/cetalimentos.cl\/wp-content\/uploads\/2025\/07\/Practica-Intermedia-U-Central-Dabne-y-Gisselle-edited-300x225.jpeg 300w, https:\/\/cetalimentos.cl\/wp-content\/uploads\/2025\/07\/Practica-Intermedia-U-Central-Dabne-y-Gisselle-edited-1024x768.jpeg 1024w, https:\/\/cetalimentos.cl\/wp-content\/uploads\/2025\/07\/Practica-Intermedia-U-Central-Dabne-y-Gisselle-edited-768x576.jpeg 768w, https:\/\/cetalimentos.cl\/wp-content\/uploads\/2025\/07\/Practica-Intermedia-U-Central-Dabne-y-Gisselle-edited-195x146.jpeg 195w, https:\/\/cetalimentos.cl\/wp-content\/uploads\/2025\/07\/Practica-Intermedia-U-Central-Dabne-y-Gisselle-edited-50x38.jpeg 50w, https:\/\/cetalimentos.cl\/wp-content\/uploads\/2025\/07\/Practica-Intermedia-U-Central-Dabne-y-Gisselle-edited-100x75.jpeg 100w, https:\/\/cetalimentos.cl\/wp-content\/uploads\/2025\/07\/Practica-Intermedia-U-Central-Dabne-y-Gisselle-edited-960x720.jpeg 960w\" sizes=\"auto, (max-width: 1200px) 100vw, 1200px\" \/><\/figure>\n\n\n\n<figure class=\"wp-block-image size-full\"><img loading=\"lazy\" decoding=\"async\" width=\"556\" height=\"741\" data-id=\"3254\" src=\"https:\/\/cetalimentos.cl\/wp-content\/uploads\/2025\/07\/Practica-Intermedia-U-Central-Catalina-edited-1.jpeg\" alt=\"\" class=\"wp-image-3254\" srcset=\"https:\/\/cetalimentos.cl\/wp-content\/uploads\/2025\/07\/Practica-Intermedia-U-Central-Catalina-edited-1.jpeg 556w, https:\/\/cetalimentos.cl\/wp-content\/uploads\/2025\/07\/Practica-Intermedia-U-Central-Catalina-edited-1-225x300.jpeg 225w, https:\/\/cetalimentos.cl\/wp-content\/uploads\/2025\/07\/Practica-Intermedia-U-Central-Catalina-edited-1-110x146.jpeg 110w, https:\/\/cetalimentos.cl\/wp-content\/uploads\/2025\/07\/Practica-Intermedia-U-Central-Catalina-edited-1-38x50.jpeg 38w, https:\/\/cetalimentos.cl\/wp-content\/uploads\/2025\/07\/Practica-Intermedia-U-Central-Catalina-edited-1-56x75.jpeg 56w\" sizes=\"auto, (max-width: 556px) 100vw, 556px\" \/><\/figure>\n<\/figure>\n\n\n\n<figure class=\"wp-block-image size-large\"><img loading=\"lazy\" decoding=\"async\" width=\"1053\" height=\"592\" src=\"https:\/\/cetalimentos.cl\/wp-content\/uploads\/2025\/07\/Practica-Intermedia-U-Central-Monserrat-y-Nicolas-edited.jpeg\" alt=\"\" class=\"wp-image-3256\" srcset=\"https:\/\/cetalimentos.cl\/wp-content\/uploads\/2025\/07\/Practica-Intermedia-U-Central-Monserrat-y-Nicolas-edited.jpeg 1053w, https:\/\/cetalimentos.cl\/wp-content\/uploads\/2025\/07\/Practica-Intermedia-U-Central-Monserrat-y-Nicolas-edited-300x169.jpeg 300w, https:\/\/cetalimentos.cl\/wp-content\/uploads\/2025\/07\/Practica-Intermedia-U-Central-Monserrat-y-Nicolas-edited-1024x576.jpeg 1024w, https:\/\/cetalimentos.cl\/wp-content\/uploads\/2025\/07\/Practica-Intermedia-U-Central-Monserrat-y-Nicolas-edited-768x432.jpeg 768w, https:\/\/cetalimentos.cl\/wp-content\/uploads\/2025\/07\/Practica-Intermedia-U-Central-Monserrat-y-Nicolas-edited-260x146.jpeg 260w, https:\/\/cetalimentos.cl\/wp-content\/uploads\/2025\/07\/Practica-Intermedia-U-Central-Monserrat-y-Nicolas-edited-50x28.jpeg 50w, https:\/\/cetalimentos.cl\/wp-content\/uploads\/2025\/07\/Practica-Intermedia-U-Central-Monserrat-y-Nicolas-edited-133x75.jpeg 133w\" sizes=\"auto, (max-width: 1053px) 100vw, 1053px\" \/><\/figure>\n\n\n\n<figure class=\"wp-block-image size-full\"><img loading=\"lazy\" decoding=\"async\" width=\"885\" height=\"498\" src=\"https:\/\/cetalimentos.cl\/wp-content\/uploads\/2025\/07\/Practica-Intermedia-U-Central-Andrea-Sasha-Jhade-edited.jpeg\" alt=\"\" class=\"wp-image-3255\" srcset=\"https:\/\/cetalimentos.cl\/wp-content\/uploads\/2025\/07\/Practica-Intermedia-U-Central-Andrea-Sasha-Jhade-edited.jpeg 885w, https:\/\/cetalimentos.cl\/wp-content\/uploads\/2025\/07\/Practica-Intermedia-U-Central-Andrea-Sasha-Jhade-edited-300x169.jpeg 300w, https:\/\/cetalimentos.cl\/wp-content\/uploads\/2025\/07\/Practica-Intermedia-U-Central-Andrea-Sasha-Jhade-edited-768x432.jpeg 768w, https:\/\/cetalimentos.cl\/wp-content\/uploads\/2025\/07\/Practica-Intermedia-U-Central-Andrea-Sasha-Jhade-edited-260x146.jpeg 260w, https:\/\/cetalimentos.cl\/wp-content\/uploads\/2025\/07\/Practica-Intermedia-U-Central-Andrea-Sasha-Jhade-edited-50x28.jpeg 50w, https:\/\/cetalimentos.cl\/wp-content\/uploads\/2025\/07\/Practica-Intermedia-U-Central-Andrea-Sasha-Jhade-edited-133x75.jpeg 133w\" sizes=\"auto, (max-width: 885px) 100vw, 885px\" \/><\/figure>\n\n\n\n<blockquote class=\"wp-block-quote is-layout-flow wp-block-quote-is-layout-flow\">\n<blockquote class=\"wp-block-quote is-layout-flow wp-block-quote-is-layout-flow\">\n<p>Para la profesora Cuiti\u00f1o, esta experiencia fue clave: \u201cLa experiencia ha sido muy enriquecedora para los estudiantes, ya que logran vincular teor\u00eda y pr\u00e1ctica en un entorno real de innovaci\u00f3n\u201d. Adem\u00e1s, valor\u00f3 el ambiente de aprendizaje generado en la planta: \u201cLas docentes del centro son muy atentas y comprometidas, lo que genera un ambiente de confianza y gu\u00eda constante\u201d.<\/p>\n<\/blockquote>\n<\/blockquote>\n\n\n\n<div class=\"wp-block-media-text is-stacked-on-mobile\"><figure class=\"wp-block-media-text__media\"><img loading=\"lazy\" decoding=\"async\" width=\"224\" height=\"180\" src=\"https:\/\/cetalimentos.cl\/wp-content\/uploads\/2025\/07\/Francis-Alfaro-UCentral-LS.jpg\" alt=\"\" class=\"wp-image-3251 size-full\" srcset=\"https:\/\/cetalimentos.cl\/wp-content\/uploads\/2025\/07\/Francis-Alfaro-UCentral-LS.jpg 224w, https:\/\/cetalimentos.cl\/wp-content\/uploads\/2025\/07\/Francis-Alfaro-UCentral-LS-182x146.jpg 182w, https:\/\/cetalimentos.cl\/wp-content\/uploads\/2025\/07\/Francis-Alfaro-UCentral-LS-50x40.jpg 50w, https:\/\/cetalimentos.cl\/wp-content\/uploads\/2025\/07\/Francis-Alfaro-UCentral-LS-93x75.jpg 93w\" sizes=\"auto, (max-width: 224px) 100vw, 224px\" \/><\/figure><div class=\"wp-block-media-text__content\">\n<p><strong>Francis Alfaro, directora de la carrera de Nutrici\u00f3n y Diet\u00e9tica de la Universidad Central<\/strong>, tambi\u00e9n destac\u00f3 el impacto formativo de esta colaboraci\u00f3n: <\/p>\n\n\n\n<blockquote class=\"wp-block-quote is-layout-flow wp-block-quote-is-layout-flow\">\n<p>\u201cComo instituci\u00f3n y como carrera, valoramos profundamente el recibimiento, la disposici\u00f3n y la experiencia formativa que brinda CeTA Alimentos a nuestros estudiantes en formaci\u00f3n (&#8230;) Este tipo de colaboraci\u00f3n fortalece el aprendizaje pr\u00e1ctico y el compromiso con una formaci\u00f3n de calidad, aportando significativamente al desarrollo profesional de nuestros futuros nutricionistas\u201d.<\/p>\n<\/blockquote>\n<\/div><\/div>\n\n\n\n<p>Por su parte, <strong>la Universidad de La Serena <\/strong>desarroll\u00f3 su pr\u00e1ctica profesional entre el 2 de enero y el 12 de marzo, con la participaci\u00f3n de la estudiante Anais Nievas, de la carrera de Ingenier\u00eda en Alimentos, acompa\u00f1ada por la acad\u00e9mica Katia Rodr\u00edguez Gonz\u00e1lez. Esta pr\u00e1ctica permiti\u00f3 a la estudiante involucrarse en todo el proceso de desarrollo de prototipos, desde la formulaci\u00f3n inicial hasta el dise\u00f1o del producto final. <\/p>\n\n\n\n<figure class=\"wp-block-gallery has-nested-images columns-default is-cropped wp-block-gallery-2 is-layout-flex wp-block-gallery-is-layout-flex\">\n<figure class=\"wp-block-image size-large\"><img loading=\"lazy\" decoding=\"async\" width=\"900\" height=\"506\" data-id=\"3259\" src=\"https:\/\/cetalimentos.cl\/wp-content\/uploads\/2025\/07\/Practica-Profesional-Ing-en-Alimentos-ULS-Anais-Nievas-1-edited.jpeg\" alt=\"\" class=\"wp-image-3259\" srcset=\"https:\/\/cetalimentos.cl\/wp-content\/uploads\/2025\/07\/Practica-Profesional-Ing-en-Alimentos-ULS-Anais-Nievas-1-edited.jpeg 900w, https:\/\/cetalimentos.cl\/wp-content\/uploads\/2025\/07\/Practica-Profesional-Ing-en-Alimentos-ULS-Anais-Nievas-1-edited-300x169.jpeg 300w, https:\/\/cetalimentos.cl\/wp-content\/uploads\/2025\/07\/Practica-Profesional-Ing-en-Alimentos-ULS-Anais-Nievas-1-edited-768x432.jpeg 768w, https:\/\/cetalimentos.cl\/wp-content\/uploads\/2025\/07\/Practica-Profesional-Ing-en-Alimentos-ULS-Anais-Nievas-1-edited-260x146.jpeg 260w, https:\/\/cetalimentos.cl\/wp-content\/uploads\/2025\/07\/Practica-Profesional-Ing-en-Alimentos-ULS-Anais-Nievas-1-edited-50x28.jpeg 50w, https:\/\/cetalimentos.cl\/wp-content\/uploads\/2025\/07\/Practica-Profesional-Ing-en-Alimentos-ULS-Anais-Nievas-1-edited-133x75.jpeg 133w\" sizes=\"auto, (max-width: 900px) 100vw, 900px\" \/><\/figure>\n<\/figure>\n\n\n\n<div class=\"wp-block-media-text is-stacked-on-mobile\"><figure class=\"wp-block-media-text__media\"><img loading=\"lazy\" decoding=\"async\" width=\"773\" height=\"1024\" src=\"https:\/\/cetalimentos.cl\/wp-content\/uploads\/2025\/07\/Katia-Rodriguez-773x1024.jpg\" alt=\"\" class=\"wp-image-3257 size-full\" srcset=\"https:\/\/cetalimentos.cl\/wp-content\/uploads\/2025\/07\/Katia-Rodriguez-773x1024.jpg 773w, https:\/\/cetalimentos.cl\/wp-content\/uploads\/2025\/07\/Katia-Rodriguez-226x300.jpg 226w, https:\/\/cetalimentos.cl\/wp-content\/uploads\/2025\/07\/Katia-Rodriguez-768x1018.jpg 768w, https:\/\/cetalimentos.cl\/wp-content\/uploads\/2025\/07\/Katia-Rodriguez-110x146.jpg 110w, https:\/\/cetalimentos.cl\/wp-content\/uploads\/2025\/07\/Katia-Rodriguez-38x50.jpg 38w, https:\/\/cetalimentos.cl\/wp-content\/uploads\/2025\/07\/Katia-Rodriguez-57x75.jpg 57w, https:\/\/cetalimentos.cl\/wp-content\/uploads\/2025\/07\/Katia-Rodriguez.jpg 966w\" sizes=\"auto, (max-width: 773px) 100vw, 773px\" \/><\/figure><div class=\"wp-block-media-text__content\">\n<blockquote class=\"wp-block-quote is-layout-flow wp-block-quote-is-layout-flow\">\n<p>\u201cLa pr\u00e1ctica en CeTA le permite al estudiante desenvolverse en un \u00e1rea muy importante dentro de la carrera, como es el desarrollo de prototipos\u201d, se\u00f1al\u00f3 Rodr\u00edguez. Asimismo, destac\u00f3 el entorno de aprendizaje que ofrece el centro: \u201cEl CeTA es un semillero, en donde se pone a prueba a los estudiantes en sus capacidades y conocimientos, potenciando las destrezas y aportando herramientas para enfrentar el campo profesional\u201d.<\/p>\n<\/blockquote>\n<\/div><\/div>\n\n\n\n<p>Ambas instituciones coincidieron en que este tipo de experiencias ayudan a responder a desaf\u00edos clave en la formaci\u00f3n profesional, como la escasa experiencia en planta, la necesidad de aplicar protocolos reales o la importancia del trabajo interdisciplinario. \u201cLlegamos a CeTA a trav\u00e9s de redes institucionales y por el inter\u00e9s compartido en fortalecer la formaci\u00f3n tecnol\u00f3gica en alimentos\u201d, coment\u00f3 Daniela Cuiti\u00f1o. En tanto, Katia Rodr\u00edguez record\u00f3 el inicio de esta relaci\u00f3n colaborativa: \u201cEl gerente general Jean Paul Veas nos visit\u00f3 para vincularnos y apoyarnos en la entrega de soluciones tecnol\u00f3gicas en el \u00e1rea de los alimentos, pensando tambi\u00e9n en nuestros estudiantes\u201d.<\/p>\n\n\n\n<p>Con infraestructura de nivel industrial, equipos t\u00e9cnicos de alto nivel y un enfoque pr\u00e1ctico aplicado, CeTA Zona Norte se consolida como un espacio clave para articular innovaci\u00f3n, desarrollo productivo y formaci\u00f3n de capital humano avanzado en la Regi\u00f3n de Coquimbo.<\/p>\n","protected":false},"excerpt":{"rendered":"<p>Entre marzo y junio de este a\u00f1o, se llevaron a cabo cuatro rotativas de estudiantes de la carrera de Nutrici\u00f3n y Diet\u00e9tica de la Universidad Central,<span class=\"excerpt-hellip\"> [\u2026]<\/span><\/p>\n","protected":false},"author":2,"featured_media":3247,"comment_status":"closed","ping_status":"closed","sticky":true,"template":"","format":"standard","meta":{"_themeisle_gutenberg_block_has_review":false,"_joinchat":[],"footnotes":""},"categories":[6,10],"tags":[],"class_list":["post-3245","post","type-post","status-publish","format-standard","has-post-thumbnail","hentry","category-ceta","category-norte"],"_links":{"self":[{"href":"https:\/\/cetalimentos.cl\/index.php\/wp-json\/wp\/v2\/posts\/3245","targetHints":{"allow":["GET"]}}],"collection":[{"href":"https:\/\/cetalimentos.cl\/index.php\/wp-json\/wp\/v2\/posts"}],"about":[{"href":"https:\/\/cetalimentos.cl\/index.php\/wp-json\/wp\/v2\/types\/post"}],"author":[{"embeddable":true,"href":"https:\/\/cetalimentos.cl\/index.php\/wp-json\/wp\/v2\/users\/2"}],"replies":[{"embeddable":true,"href":"https:\/\/cetalimentos.cl\/index.php\/wp-json\/wp\/v2\/comments?post=3245"}],"version-history":[{"count":1,"href":"https:\/\/cetalimentos.cl\/index.php\/wp-json\/wp\/v2\/posts\/3245\/revisions"}],"predecessor-version":[{"id":3260,"href":"https:\/\/cetalimentos.cl\/index.php\/wp-json\/wp\/v2\/posts\/3245\/revisions\/3260"}],"wp:featuredmedia":[{"embeddable":true,"href":"https:\/\/cetalimentos.cl\/index.php\/wp-json\/wp\/v2\/media\/3247"}],"wp:attachment":[{"href":"https:\/\/cetalimentos.cl\/index.php\/wp-json\/wp\/v2\/media?parent=3245"}],"wp:term":[{"taxonomy":"category","embeddable":true,"href":"https:\/\/cetalimentos.cl\/index.php\/wp-json\/wp\/v2\/categories?post=3245"},{"taxonomy":"post_tag","embeddable":true,"href":"https:\/\/cetalimentos.cl\/index.php\/wp-json\/wp\/v2\/tags?post=3245"}],"curies":[{"name":"wp","href":"https:\/\/api.w.org\/{rel}","templated":true}]}}