{"id":3017,"date":"2025-06-08T20:58:56","date_gmt":"2025-06-09T00:58:56","guid":{"rendered":"https:\/\/cetalimentos.cl\/?p=3017"},"modified":"2025-06-08T20:59:08","modified_gmt":"2025-06-09T00:59:08","slug":"el-descarte-como-oportunidad-ostiones-gourmet-impulsan-economia-circular-en-coquimbo","status":"publish","type":"post","link":"https:\/\/cetalimentos.cl\/index.php\/2025\/06\/08\/el-descarte-como-oportunidad-ostiones-gourmet-impulsan-economia-circular-en-coquimbo\/","title":{"rendered":"El descarte como oportunidad: ostiones gourmet impulsan econom\u00eda circular en Coquimbo"},"content":{"rendered":"\n<h3 id=\"wp-block-themeisle-blocks-advanced-heading-04927ef2\" class=\"wp-block-themeisle-blocks-advanced-heading wp-block-themeisle-blocks-advanced-heading-04927ef2\"><em>En Tongoy, una innovadora conserva de ostiones al merk\u00e9n busca cambiar paradigmas en la industria y poner en valor lo que antes se desechaba.<\/em><\/h3>\n\n\n\n<p>En la Regi\u00f3n de Coquimbo, una parte importante de los ostiones cultivados nunca llegaban a los mercados. Por su peque\u00f1o tama\u00f1o o un cambio en el color de su g\u00f3nada tras el desove, eran descartados sistem\u00e1ticamente, pese a su alto valor nutricional. Hoy, ese descarte est\u00e1 encontrando un nuevo destino en forma de conserva gourmet, gracias al empuje emprendedor y la articulaci\u00f3n con centros tecnol\u00f3gicos.<\/p>\n\n\n\n<p>Pamela Michea, emprendedora local, lidera el proyecto <em>\u201cValorizaci\u00f3n de ostiones de bajo calibre mediante la elaboraci\u00f3n de una conserva\u201d<\/em>, una iniciativa que apunta directamente a la diversificaci\u00f3n productiva y a la reducci\u00f3n del desperdicio en la acuicultura chilena. El producto estrella: ostiones al merk\u00e9n, procesados con t\u00e9cnicas de blanqueado y esterilizaci\u00f3n en autoclave, listos para ser almacenados a temperatura ambiente y con una vida \u00fatil extendida.<\/p>\n\n\n\n<p>\u201cLa idea nace al observar un problema recurrente en la industria: muchos ostiones no alcanzan los est\u00e1ndares comerciales y terminan desechados, a pesar de su calidad nutricional\u201d, explica Pamela Michea. \u201cVimos una oportunidad de darles valor agregado con una propuesta innovadora y sustentable\u201d.<\/p>\n\n\n\n<p>El proyecto, que se ejecuta desde octubre de 2024, ha contado desde sus inicios con el acompa\u00f1amiento t\u00e9cnico de la profesional Ximena Araya, quien no solo aport\u00f3 en la evaluaci\u00f3n del descarte, sino que tambi\u00e9n fue clave para vincular la iniciativa con el Centro Tecnol\u00f3gico para la Innovaci\u00f3n Alimentaria (CeTA). Espec\u00edficamente, el Centro de Innovaci\u00f3n de CeTA en Coquimbo \u2014liderado por Lorena Pacheco \u2014 ha sido un aliado fundamental para validar los procesos, aplicar normativas vigentes y facilitar acceso a infraestructura especializada.<\/p>\n\n\n\n<p>\u201cEl trabajo conjunto con CeTA ha sido clave. Su experiencia nos permiti\u00f3 transformar una materia prima subvalorada en un producto con alto potencial comercial\u201d, detalla Michea. \u201cEl apoyo t\u00e9cnico y el acceso a equipamiento como el autoclave han marcado la diferencia\u201d.<\/p>\n\n\n\n<p>El proyecto no solo responde a una necesidad productiva, sino tambi\u00e9n a un desaf\u00edo cultural: reeducar al consumidor y a los actores del rubro marisquero respecto al valor real de estos ostiones. La principal barrera no ha sido t\u00e9cnica, sino simb\u00f3lica.<\/p>\n\n\n\n<p>\u201cUno de los mayores desaf\u00edos ha sido cambiar la percepci\u00f3n sobre estos ostiones. Muchos no consideran su valor solo por su tama\u00f1o o color. Pero con apoyo t\u00e9cnico, una mirada innovadora y mucha convicci\u00f3n, hemos demostrado que pueden transformarse en un producto de alto potencial\u201d, afirma la emprendedora.<\/p>\n\n\n\n<p>La conserva, que se comercializar\u00e1 en formato de 170 gramos, ya cuenta con etiquetado y rotulado bajo norma vigente y se espera que tenga su lanzamiento oficial durante las vacaciones de invierno en Tongoy, con el respaldo del CeTA. Este hito marcar\u00e1 el cierre de los seis meses de ejecuci\u00f3n del plan de trabajo.<\/p>\n\n\n\n<p>Con esta propuesta, no solo se abre una nueva l\u00ednea de producto gourmet del mar, sino que tambi\u00e9n se instala un ejemplo concreto de econom\u00eda circular aplicada al territorio, donde la colaboraci\u00f3n entre ciencia, emprendimiento y tradici\u00f3n puede convertirse en un modelo replicable para otras materias primas.<\/p>\n\n\n\n<figure class=\"wp-block-gallery has-nested-images columns-2 is-cropped wp-block-gallery-1 is-layout-flex wp-block-gallery-is-layout-flex\">\n<figure class=\"wp-block-image size-large\"><img loading=\"lazy\" decoding=\"async\" width=\"771\" height=\"1024\" data-id=\"3021\" src=\"https:\/\/cetalimentos.cl\/wp-content\/uploads\/2025\/06\/WhatsApp-Image-2025-05-02-at-13.25.39-771x1024.jpeg\" alt=\"\" class=\"wp-image-3021\" srcset=\"https:\/\/cetalimentos.cl\/wp-content\/uploads\/2025\/06\/WhatsApp-Image-2025-05-02-at-13.25.39-771x1024.jpeg 771w, https:\/\/cetalimentos.cl\/wp-content\/uploads\/2025\/06\/WhatsApp-Image-2025-05-02-at-13.25.39-226x300.jpeg 226w, https:\/\/cetalimentos.cl\/wp-content\/uploads\/2025\/06\/WhatsApp-Image-2025-05-02-at-13.25.39-768x1021.jpeg 768w, https:\/\/cetalimentos.cl\/wp-content\/uploads\/2025\/06\/WhatsApp-Image-2025-05-02-at-13.25.39-1156x1536.jpeg 1156w, https:\/\/cetalimentos.cl\/wp-content\/uploads\/2025\/06\/WhatsApp-Image-2025-05-02-at-13.25.39-110x146.jpeg 110w, https:\/\/cetalimentos.cl\/wp-content\/uploads\/2025\/06\/WhatsApp-Image-2025-05-02-at-13.25.39-38x50.jpeg 38w, https:\/\/cetalimentos.cl\/wp-content\/uploads\/2025\/06\/WhatsApp-Image-2025-05-02-at-13.25.39-56x75.jpeg 56w, https:\/\/cetalimentos.cl\/wp-content\/uploads\/2025\/06\/WhatsApp-Image-2025-05-02-at-13.25.39.jpeg 1204w\" sizes=\"auto, (max-width: 771px) 100vw, 771px\" \/><\/figure>\n\n\n\n<figure class=\"wp-block-image size-large\"><img loading=\"lazy\" decoding=\"async\" width=\"768\" height=\"1024\" data-id=\"3019\" src=\"https:\/\/cetalimentos.cl\/wp-content\/uploads\/2025\/06\/WhatsApp-Image-2025-05-14-at-18.33.05-768x1024.jpeg\" alt=\"\" class=\"wp-image-3019\" srcset=\"https:\/\/cetalimentos.cl\/wp-content\/uploads\/2025\/06\/WhatsApp-Image-2025-05-14-at-18.33.05-768x1024.jpeg 768w, https:\/\/cetalimentos.cl\/wp-content\/uploads\/2025\/06\/WhatsApp-Image-2025-05-14-at-18.33.05-225x300.jpeg 225w, https:\/\/cetalimentos.cl\/wp-content\/uploads\/2025\/06\/WhatsApp-Image-2025-05-14-at-18.33.05-1152x1536.jpeg 1152w, https:\/\/cetalimentos.cl\/wp-content\/uploads\/2025\/06\/WhatsApp-Image-2025-05-14-at-18.33.05-110x146.jpeg 110w, https:\/\/cetalimentos.cl\/wp-content\/uploads\/2025\/06\/WhatsApp-Image-2025-05-14-at-18.33.05-38x50.jpeg 38w, https:\/\/cetalimentos.cl\/wp-content\/uploads\/2025\/06\/WhatsApp-Image-2025-05-14-at-18.33.05-56x75.jpeg 56w, https:\/\/cetalimentos.cl\/wp-content\/uploads\/2025\/06\/WhatsApp-Image-2025-05-14-at-18.33.05.jpeg 1200w\" sizes=\"auto, (max-width: 768px) 100vw, 768px\" \/><\/figure>\n\n\n\n<figure class=\"wp-block-image size-large\"><img loading=\"lazy\" decoding=\"async\" width=\"1379\" height=\"920\" data-id=\"3022\" src=\"https:\/\/cetalimentos.cl\/wp-content\/uploads\/2025\/06\/WhatsApp-Image-2025-06-02-at-12.36.57-edited.jpeg\" alt=\"\" class=\"wp-image-3022\" srcset=\"https:\/\/cetalimentos.cl\/wp-content\/uploads\/2025\/06\/WhatsApp-Image-2025-06-02-at-12.36.57-edited.jpeg 1379w, https:\/\/cetalimentos.cl\/wp-content\/uploads\/2025\/06\/WhatsApp-Image-2025-06-02-at-12.36.57-edited-300x200.jpeg 300w, https:\/\/cetalimentos.cl\/wp-content\/uploads\/2025\/06\/WhatsApp-Image-2025-06-02-at-12.36.57-edited-1024x683.jpeg 1024w, https:\/\/cetalimentos.cl\/wp-content\/uploads\/2025\/06\/WhatsApp-Image-2025-06-02-at-12.36.57-edited-768x512.jpeg 768w, https:\/\/cetalimentos.cl\/wp-content\/uploads\/2025\/06\/WhatsApp-Image-2025-06-02-at-12.36.57-edited-219x146.jpeg 219w, https:\/\/cetalimentos.cl\/wp-content\/uploads\/2025\/06\/WhatsApp-Image-2025-06-02-at-12.36.57-edited-50x33.jpeg 50w, https:\/\/cetalimentos.cl\/wp-content\/uploads\/2025\/06\/WhatsApp-Image-2025-06-02-at-12.36.57-edited-112x75.jpeg 112w\" sizes=\"auto, (max-width: 1379px) 100vw, 1379px\" \/><\/figure>\n<\/figure>\n\n\n\n<p><\/p>\n","protected":false},"excerpt":{"rendered":"<p>En la Regi\u00f3n de Coquimbo, una parte importante de los ostiones cultivados nunca llegaban a los mercados. Por su peque\u00f1o tama\u00f1o o un cambio en el<span class=\"excerpt-hellip\"> [\u2026]<\/span><\/p>\n","protected":false},"author":2,"featured_media":3018,"comment_status":"closed","ping_status":"closed","sticky":true,"template":"","format":"standard","meta":{"_themeisle_gutenberg_block_has_review":false,"_joinchat":[],"footnotes":""},"categories":[6,10],"tags":[],"class_list":["post-3017","post","type-post","status-publish","format-standard","has-post-thumbnail","hentry","category-ceta","category-norte"],"_links":{"self":[{"href":"https:\/\/cetalimentos.cl\/index.php\/wp-json\/wp\/v2\/posts\/3017","targetHints":{"allow":["GET"]}}],"collection":[{"href":"https:\/\/cetalimentos.cl\/index.php\/wp-json\/wp\/v2\/posts"}],"about":[{"href":"https:\/\/cetalimentos.cl\/index.php\/wp-json\/wp\/v2\/types\/post"}],"author":[{"embeddable":true,"href":"https:\/\/cetalimentos.cl\/index.php\/wp-json\/wp\/v2\/users\/2"}],"replies":[{"embeddable":true,"href":"https:\/\/cetalimentos.cl\/index.php\/wp-json\/wp\/v2\/comments?post=3017"}],"version-history":[{"count":1,"href":"https:\/\/cetalimentos.cl\/index.php\/wp-json\/wp\/v2\/posts\/3017\/revisions"}],"predecessor-version":[{"id":3023,"href":"https:\/\/cetalimentos.cl\/index.php\/wp-json\/wp\/v2\/posts\/3017\/revisions\/3023"}],"wp:featuredmedia":[{"embeddable":true,"href":"https:\/\/cetalimentos.cl\/index.php\/wp-json\/wp\/v2\/media\/3018"}],"wp:attachment":[{"href":"https:\/\/cetalimentos.cl\/index.php\/wp-json\/wp\/v2\/media?parent=3017"}],"wp:term":[{"taxonomy":"category","embeddable":true,"href":"https:\/\/cetalimentos.cl\/index.php\/wp-json\/wp\/v2\/categories?post=3017"},{"taxonomy":"post_tag","embeddable":true,"href":"https:\/\/cetalimentos.cl\/index.php\/wp-json\/wp\/v2\/tags?post=3017"}],"curies":[{"name":"wp","href":"https:\/\/api.w.org\/{rel}","templated":true}]}}