{"id":2958,"date":"2025-04-18T09:23:00","date_gmt":"2025-04-18T13:23:00","guid":{"rendered":"https:\/\/cetalimentos.cl\/?p=2958"},"modified":"2025-06-08T21:00:40","modified_gmt":"2025-06-09T01:00:40","slug":"division-de-tecnologias-emergentes-del-ministerio-de-ciencia-tecnologia-conocimiento-e-innovacion-visito-ceta","status":"publish","type":"post","link":"https:\/\/cetalimentos.cl\/index.php\/2025\/04\/18\/division-de-tecnologias-emergentes-del-ministerio-de-ciencia-tecnologia-conocimiento-e-innovacion-visito-ceta\/","title":{"rendered":"Divisi\u00f3n de Tecnolog\u00edas Emergentes del Ministerio de Ciencia, Tecnolog\u00eda, Conocimiento e Innovaci\u00f3n visit\u00f3 CeTA"},"content":{"rendered":"\n<p>A mediados de abril, CeTA Zona Centro recibi\u00f3 la visita de representantes de la nueva <strong>Divisi\u00f3n de Tecnolog\u00edas Emergentes<\/strong> del Ministerio de Ciencia, Tecnolog\u00eda, Conocimiento e Innovaci\u00f3n, unidad clave para el impulso de sectores estrat\u00e9gicos como la Inteligencia Artificial (IA), la tecnolog\u00eda cu\u00e1ntica y, especialmente en esta etapa, la biotecnolog\u00eda.<\/p>\n\n\n\n<p>Hasta el Centro de Innovaci\u00f3n ubicado en el Parque Laguna Car\u00e9n lleg\u00f3 <strong>Ignacio Silva<\/strong>, jefe de la Divisi\u00f3n de Tecnolog\u00edas Emergentes, acompa\u00f1ado de <strong>Magdalena Calcagni<\/strong>, coordinadora de Planificaci\u00f3n y Control de Gesti\u00f3n, <strong>Tom\u00e1s Rivero<\/strong>, coordinador de Relaciones Estrat\u00e9gicas y <strong>Gerardo Gallardo<\/strong>, subdirector de Centros Tecnol\u00f3gicos de CORFO, en representaci\u00f3n de la Gerencia de Capacidades Tecnol\u00f3gicas.<\/p>\n\n\n\n<p>Por parte de CeTA, <strong>Jean Paul Veas<\/strong>, director ejecutivo, y <strong>Mat\u00edas Campos Torres<\/strong>, jefe de negocios, guiaron un recorrido por las instalaciones del Centro, dando a conocer la labor de la instituci\u00f3n como articuladora de capacidades tecnol\u00f3gicas en innovaci\u00f3n alimentaria, con especial \u00e9nfasis en biotecnolog\u00eda aplicada, ingredientes activos y tecnolog\u00edas de fermentaci\u00f3n.<\/p>\n\n\n\n<p>En este recorrido, los representantes del Ministerio pudieron observar las capacidades de la instituci\u00f3n en <strong>fermentaci\u00f3n<\/strong> mediante biorreactores de hasta 100 L, as\u00ed como en procesos de <strong>downstream<\/strong> como centrifugaci\u00f3n, ultrafiltraci\u00f3n, decantaci\u00f3n y secado spray. Estas tecnolog\u00edas estaban disponibles para apoyar el escalamiento de soluciones biotecnol\u00f3gicas en la industria alimentaria.<\/p>\n\n\n\n<p>Agradecemos la visita de los representantes del Ministerio, la cual reforz\u00f3 el trabajo colaborativo entre el Estado, la ciencia y la tecnolog\u00eda. Este tipo de encuentros resultaron fundamentales para avanzar hacia una bioeconom\u00eda nacional con un impacto productivo y una visi\u00f3n de futuro para Chile.<\/p>\n\n\n\n<figure class=\"wp-block-image size-large\"><img loading=\"lazy\" decoding=\"async\" width=\"1024\" height=\"768\" src=\"https:\/\/cetalimentos.cl\/wp-content\/uploads\/2025\/05\/min-ciencia-1024x768.jpg\" alt=\"\" class=\"wp-image-2959\" srcset=\"https:\/\/cetalimentos.cl\/wp-content\/uploads\/2025\/05\/min-ciencia-1024x768.jpg 1024w, https:\/\/cetalimentos.cl\/wp-content\/uploads\/2025\/05\/min-ciencia-300x225.jpg 300w, https:\/\/cetalimentos.cl\/wp-content\/uploads\/2025\/05\/min-ciencia-768x576.jpg 768w, https:\/\/cetalimentos.cl\/wp-content\/uploads\/2025\/05\/min-ciencia-195x146.jpg 195w, https:\/\/cetalimentos.cl\/wp-content\/uploads\/2025\/05\/min-ciencia-50x38.jpg 50w, https:\/\/cetalimentos.cl\/wp-content\/uploads\/2025\/05\/min-ciencia-100x75.jpg 100w, https:\/\/cetalimentos.cl\/wp-content\/uploads\/2025\/05\/min-ciencia-960x720.jpg 960w, https:\/\/cetalimentos.cl\/wp-content\/uploads\/2025\/05\/min-ciencia.jpg 1280w\" sizes=\"auto, (max-width: 1024px) 100vw, 1024px\" \/><\/figure>\n","protected":false},"excerpt":{"rendered":"<p>A mediados de abril, CeTA Zona Centro recibi\u00f3 la visita de representantes de la nueva Divisi\u00f3n de Tecnolog\u00edas Emergentes del Ministerio de Ciencia, Tecnolog\u00eda, Conocimiento e<span class=\"excerpt-hellip\"> [\u2026]<\/span><\/p>\n","protected":false},"author":2,"featured_media":2959,"comment_status":"closed","ping_status":"closed","sticky":true,"template":"","format":"standard","meta":{"_themeisle_gutenberg_block_has_review":false,"_joinchat":[],"footnotes":""},"categories":[5,6],"tags":[],"class_list":["post-2958","post","type-post","status-publish","format-standard","has-post-thumbnail","hentry","category-centro","category-ceta"],"_links":{"self":[{"href":"https:\/\/cetalimentos.cl\/index.php\/wp-json\/wp\/v2\/posts\/2958","targetHints":{"allow":["GET"]}}],"collection":[{"href":"https:\/\/cetalimentos.cl\/index.php\/wp-json\/wp\/v2\/posts"}],"about":[{"href":"https:\/\/cetalimentos.cl\/index.php\/wp-json\/wp\/v2\/types\/post"}],"author":[{"embeddable":true,"href":"https:\/\/cetalimentos.cl\/index.php\/wp-json\/wp\/v2\/users\/2"}],"replies":[{"embeddable":true,"href":"https:\/\/cetalimentos.cl\/index.php\/wp-json\/wp\/v2\/comments?post=2958"}],"version-history":[{"count":1,"href":"https:\/\/cetalimentos.cl\/index.php\/wp-json\/wp\/v2\/posts\/2958\/revisions"}],"predecessor-version":[{"id":2960,"href":"https:\/\/cetalimentos.cl\/index.php\/wp-json\/wp\/v2\/posts\/2958\/revisions\/2960"}],"wp:featuredmedia":[{"embeddable":true,"href":"https:\/\/cetalimentos.cl\/index.php\/wp-json\/wp\/v2\/media\/2959"}],"wp:attachment":[{"href":"https:\/\/cetalimentos.cl\/index.php\/wp-json\/wp\/v2\/media?parent=2958"}],"wp:term":[{"taxonomy":"category","embeddable":true,"href":"https:\/\/cetalimentos.cl\/index.php\/wp-json\/wp\/v2\/categories?post=2958"},{"taxonomy":"post_tag","embeddable":true,"href":"https:\/\/cetalimentos.cl\/index.php\/wp-json\/wp\/v2\/tags?post=2958"}],"curies":[{"name":"wp","href":"https:\/\/api.w.org\/{rel}","templated":true}]}}