{"id":2905,"date":"2025-05-05T20:24:34","date_gmt":"2025-05-06T00:24:34","guid":{"rendered":"https:\/\/cetalimentos.cl\/?p=2905"},"modified":"2025-05-06T10:33:46","modified_gmt":"2025-05-06T14:33:46","slug":"ceta-norte-participo-en-la-constitucion-del-cdpr-de-coquimbo-que-invertira-mas-de-2-mil-millones-en-3-sectores-prioritarios","status":"publish","type":"post","link":"https:\/\/cetalimentos.cl\/index.php\/2025\/05\/05\/ceta-norte-participo-en-la-constitucion-del-cdpr-de-coquimbo-que-invertira-mas-de-2-mil-millones-en-3-sectores-prioritarios\/","title":{"rendered":"CeTA Norte particip\u00f3 en la constituci\u00f3n del CDPR de Coquimbo que invertir\u00e1 m\u00e1s de 2 mil millones en 3 sectores prioritarios"},"content":{"rendered":"\n<h4 id=\"wp-block-themeisle-blocks-advanced-heading-d740a546\" class=\"wp-block-themeisle-blocks-advanced-heading wp-block-themeisle-blocks-advanced-heading-d740a546\"><em>Coquimbo ya cuenta con su Comit\u00e9 de Desarrollo Productivo operativo, el cual fue constituido a mediados de abril y que, en su segunda sesi\u00f3n, ya defini\u00f3 los 3 sectores clave en que invertir\u00e1 los $2.765 millones destinados a desarrollo productivo regional.<\/em><\/h4>\n\n\n\n<p>El 14 de abril, en una ceremonia realizada en el Observatorio Cerro Tololo, Corfo y el Gobierno Regional de Coquimbo constituyeron oficialmente el Comit\u00e9 de Desarrollo Productivo Regional (CDPR), una instancia que marca un nuevo paso en el proceso de descentralizaci\u00f3n del fomento productivo a nivel nacional. Este comit\u00e9 \u2014el \u00faltimo en conformarse en el pa\u00eds\u2014 permitir\u00e1 que actores p\u00fablicos, privados y del mundo acad\u00e9mico dise\u00f1en e implementen estrategias de desarrollo econ\u00f3mico e innovaci\u00f3n desde los propios territorios, ajustadas a las necesidades locales.<\/p>\n\n\n\n<p>La ceremonia cont\u00f3 con la presencia del Gobernador Regional Crist\u00f3bal Juli\u00e1 de la Vega quien presidir\u00e1 el CDRP, la Seremi de Econom\u00eda de Coquimbo, P\u00eda Castillo, y representantes del sector p\u00fablico, privado y acad\u00e9mico, incluyendo al presidente de la Comisi\u00f3n de Aguas y Recursos H\u00eddricos del CORE, Francisco Corral, el empresario Juan Rendic Lazo, la presidenta del Gremio Inspira Mujer, Miriam Urz\u00faa, el vicepresidente de la CUT Provincial Elqui, Jaime Ram\u00edrez y representantes de la Universidad Cat\u00f3lica del Norte y la Universidad Santo Tom\u00e1s (CL) entre otros.<\/p>\n\n\n\n<figure class=\"wp-block-image size-full\"><img loading=\"lazy\" decoding=\"async\" width=\"750\" height=\"500\" src=\"https:\/\/cetalimentos.cl\/wp-content\/uploads\/2025\/05\/1744645365554.jpg\" alt=\"\" class=\"wp-image-2908\" srcset=\"https:\/\/cetalimentos.cl\/wp-content\/uploads\/2025\/05\/1744645365554.jpg 750w, https:\/\/cetalimentos.cl\/wp-content\/uploads\/2025\/05\/1744645365554-300x200.jpg 300w, https:\/\/cetalimentos.cl\/wp-content\/uploads\/2025\/05\/1744645365554-219x146.jpg 219w, https:\/\/cetalimentos.cl\/wp-content\/uploads\/2025\/05\/1744645365554-50x33.jpg 50w, https:\/\/cetalimentos.cl\/wp-content\/uploads\/2025\/05\/1744645365554-113x75.jpg 113w\" sizes=\"auto, (max-width: 750px) 100vw, 750px\" \/><\/figure>\n\n\n\n<p>En representaci\u00f3n de CeTA, particip\u00f3 en la ceremonia Lorena Pacheco, Jefa de Innovaci\u00f3n en CeTA Norte y Directora Ejecutiva de Red Colaboracci\u00f3n, quien valor\u00f3 la creaci\u00f3n del comit\u00e9 como un paso decisivo para la descentralizaci\u00f3n: \u201cFue una ceremonia impecable. Sin duda, participar de esta instancia es muy importante, ya que es un hito clave pensando en la descentralizaci\u00f3n y en las necesidades propias de esta regi\u00f3n\u201d.<\/p>\n\n\n\n<p>Tambi\u00e9n estuvo presente Liliana Maier, fundadora de Dulcer\u00eda Lilis y beneficiaria de CeTA, quien representa el talento emprendedor local y el potencial de la innovaci\u00f3n alimentaria regional.<\/p>\n\n\n\n<p>En la instalaci\u00f3n del Comit\u00e9, el Vicepresidente Ejecutivo de Corfo, Jos\u00e9 Miguel Benavente subray\u00f3 que <em>\u201ccon esto damos cuenta de un proceso de descentralizaci\u00f3n serio, consistente e irreversible\u201d,<\/em> cumpliendo con el mandato presidencial de instaurar un comit\u00e9 en cada regi\u00f3n del pa\u00eds.<\/p>\n\n\n\n<figure class=\"wp-block-image size-large\"><img loading=\"lazy\" decoding=\"async\" width=\"768\" height=\"1024\" src=\"https:\/\/cetalimentos.cl\/wp-content\/uploads\/2025\/05\/1744645366463-768x1024.jpg\" alt=\"\" class=\"wp-image-2909\" srcset=\"https:\/\/cetalimentos.cl\/wp-content\/uploads\/2025\/05\/1744645366463-768x1024.jpg 768w, https:\/\/cetalimentos.cl\/wp-content\/uploads\/2025\/05\/1744645366463-225x300.jpg 225w, https:\/\/cetalimentos.cl\/wp-content\/uploads\/2025\/05\/1744645366463-1152x1536.jpg 1152w, https:\/\/cetalimentos.cl\/wp-content\/uploads\/2025\/05\/1744645366463-110x146.jpg 110w, https:\/\/cetalimentos.cl\/wp-content\/uploads\/2025\/05\/1744645366463-38x50.jpg 38w, https:\/\/cetalimentos.cl\/wp-content\/uploads\/2025\/05\/1744645366463-56x75.jpg 56w, https:\/\/cetalimentos.cl\/wp-content\/uploads\/2025\/05\/1744645366463.jpg 1200w\" sizes=\"auto, (max-width: 768px) 100vw, 768px\" \/><\/figure>\n\n\n\n<h5 id=\"wp-block-themeisle-blocks-advanced-heading-852d9e86\" class=\"wp-block-themeisle-blocks-advanced-heading wp-block-themeisle-blocks-advanced-heading-852d9e86\">Revisa aqui la nota de <a href=\"https:\/\/www.youtube.com\/watch?v=Bn8tyzeJR2c&amp;feature=youtu.be\" data-type=\"link\" data-id=\"https:\/\/www.youtube.com\/watch?v=Bn8tyzeJR2c&amp;feature=youtu.be\">TVN Red Coquimbo<\/a><\/h5>\n\n\n\n<p><\/p>\n\n\n\n<h4 id=\"wp-block-themeisle-blocks-advanced-heading-540ce4a7\" class=\"wp-block-themeisle-blocks-advanced-heading wp-block-themeisle-blocks-advanced-heading-540ce4a7\"><strong>Los sectores prioritarios para el Comit\u00e9<\/strong><\/h4>\n\n\n\n<p>En su segunda sesi\u00f3n de trabajo, el CDPR defini\u00f3 los primeros pasos para este 2025, aprobando $2.765 millones en instrumentos orientados a emprendimiento, innovaci\u00f3n y fomento productivo, con \u00e9nfasis en tres sectores estrat\u00e9gicos para la regi\u00f3n: Alimentos (frut\u00edcola, hort\u00edcola, productos del mar y caprinos), Turismo sostenible e Industria y servicios conexos.<\/p>\n\n\n\n<p>Adem\u00e1s, se crearon dos subcomisiones: Fomento Productivo e Innovaci\u00f3n y Emprendimiento, que tendr\u00e1n la misi\u00f3n de orientar la ejecuci\u00f3n de estos fondos. El Gobernador Regional, Crist\u00f3bal Juli\u00e1 de la Vega, destac\u00f3 que este comit\u00e9 permitir\u00e1 agilizar y focalizar los recursos, potenciando sectores con alto impacto local y potencial de crecimiento.<\/p>\n\n\n\n<figure class=\"wp-block-image size-large\"><img loading=\"lazy\" decoding=\"async\" width=\"1024\" height=\"768\" src=\"https:\/\/cetalimentos.cl\/wp-content\/uploads\/2025\/05\/Foto-3-1024x768.jpeg\" alt=\"\" class=\"wp-image-2910\" srcset=\"https:\/\/cetalimentos.cl\/wp-content\/uploads\/2025\/05\/Foto-3-1024x768.jpeg 1024w, https:\/\/cetalimentos.cl\/wp-content\/uploads\/2025\/05\/Foto-3-300x225.jpeg 300w, https:\/\/cetalimentos.cl\/wp-content\/uploads\/2025\/05\/Foto-3-768x576.jpeg 768w, https:\/\/cetalimentos.cl\/wp-content\/uploads\/2025\/05\/Foto-3-1536x1152.jpeg 1536w, https:\/\/cetalimentos.cl\/wp-content\/uploads\/2025\/05\/Foto-3-195x146.jpeg 195w, https:\/\/cetalimentos.cl\/wp-content\/uploads\/2025\/05\/Foto-3-50x38.jpeg 50w, https:\/\/cetalimentos.cl\/wp-content\/uploads\/2025\/05\/Foto-3-100x75.jpeg 100w, https:\/\/cetalimentos.cl\/wp-content\/uploads\/2025\/05\/Foto-3-960x720.jpeg 960w, https:\/\/cetalimentos.cl\/wp-content\/uploads\/2025\/05\/Foto-3.jpeg 1600w\" sizes=\"auto, (max-width: 1024px) 100vw, 1024px\" \/><\/figure>\n\n\n\n<p>Desde el Centro Tecnol\u00f3gico para la Innovaci\u00f3n Alimentaria (CeTA) valoramos especialmente que el sector alimentos haya sido considerado como prioridad regional. Esta decisi\u00f3n reconoce el potencial del rubro en la regi\u00f3n de Coquimbo y abre nuevas oportunidades para fortalecer el trabajo de emprendedoras y emprendedores que est\u00e1n innovando desde el territorio con productos con identidad local y valor agregado.<\/p>\n\n\n\n<p>Desde CeTA reafirmamos nuestro compromiso con el fortalecimiento del ecosistema alimentario de la regi\u00f3n de Coquimbo y celebramos la creaci\u00f3n de este comit\u00e9 como una oportunidad concreta para acercar herramientas tecnol\u00f3gicas, capacidades productivas y redes de apoyo a quienes est\u00e1n transformando el futuro de los alimentos en el norte del pa\u00eds.<\/p>\n\n\n<div class=\"wp-block-image\">\n<figure class=\"aligncenter size-full\"><img loading=\"lazy\" decoding=\"async\" width=\"750\" height=\"500\" src=\"https:\/\/cetalimentos.cl\/wp-content\/uploads\/2025\/05\/1744645366188-2.jpg\" alt=\"\" class=\"wp-image-2915\" srcset=\"https:\/\/cetalimentos.cl\/wp-content\/uploads\/2025\/05\/1744645366188-2.jpg 750w, https:\/\/cetalimentos.cl\/wp-content\/uploads\/2025\/05\/1744645366188-2-300x200.jpg 300w, https:\/\/cetalimentos.cl\/wp-content\/uploads\/2025\/05\/1744645366188-2-219x146.jpg 219w, https:\/\/cetalimentos.cl\/wp-content\/uploads\/2025\/05\/1744645366188-2-50x33.jpg 50w, https:\/\/cetalimentos.cl\/wp-content\/uploads\/2025\/05\/1744645366188-2-113x75.jpg 113w\" sizes=\"auto, (max-width: 750px) 100vw, 750px\" \/><\/figure>\n<\/div>\n\n\n<figure class=\"wp-block-gallery has-nested-images columns-default is-cropped wp-block-gallery-1 is-layout-flex wp-block-gallery-is-layout-flex\">\n<figure class=\"wp-block-image size-large\"><img loading=\"lazy\" decoding=\"async\" width=\"768\" height=\"1024\" data-id=\"2911\" src=\"https:\/\/cetalimentos.cl\/wp-content\/uploads\/2025\/05\/1744645366534-768x1024.jpg\" alt=\"\" class=\"wp-image-2911\" srcset=\"https:\/\/cetalimentos.cl\/wp-content\/uploads\/2025\/05\/1744645366534-768x1024.jpg 768w, https:\/\/cetalimentos.cl\/wp-content\/uploads\/2025\/05\/1744645366534-225x300.jpg 225w, https:\/\/cetalimentos.cl\/wp-content\/uploads\/2025\/05\/1744645366534-1152x1536.jpg 1152w, https:\/\/cetalimentos.cl\/wp-content\/uploads\/2025\/05\/1744645366534-110x146.jpg 110w, https:\/\/cetalimentos.cl\/wp-content\/uploads\/2025\/05\/1744645366534-38x50.jpg 38w, https:\/\/cetalimentos.cl\/wp-content\/uploads\/2025\/05\/1744645366534-56x75.jpg 56w, https:\/\/cetalimentos.cl\/wp-content\/uploads\/2025\/05\/1744645366534.jpg 1200w\" sizes=\"auto, (max-width: 768px) 100vw, 768px\" \/><\/figure>\n\n\n\n<figure class=\"wp-block-image size-large\"><img loading=\"lazy\" decoding=\"async\" width=\"768\" height=\"1024\" data-id=\"2912\" src=\"https:\/\/cetalimentos.cl\/wp-content\/uploads\/2025\/05\/1744645366463-1-768x1024.jpg\" alt=\"\" class=\"wp-image-2912\" srcset=\"https:\/\/cetalimentos.cl\/wp-content\/uploads\/2025\/05\/1744645366463-1-768x1024.jpg 768w, https:\/\/cetalimentos.cl\/wp-content\/uploads\/2025\/05\/1744645366463-1-225x300.jpg 225w, https:\/\/cetalimentos.cl\/wp-content\/uploads\/2025\/05\/1744645366463-1-1152x1536.jpg 1152w, https:\/\/cetalimentos.cl\/wp-content\/uploads\/2025\/05\/1744645366463-1-110x146.jpg 110w, https:\/\/cetalimentos.cl\/wp-content\/uploads\/2025\/05\/1744645366463-1-38x50.jpg 38w, https:\/\/cetalimentos.cl\/wp-content\/uploads\/2025\/05\/1744645366463-1-56x75.jpg 56w, https:\/\/cetalimentos.cl\/wp-content\/uploads\/2025\/05\/1744645366463-1.jpg 1200w\" sizes=\"auto, (max-width: 768px) 100vw, 768px\" \/><\/figure>\n<\/figure>\n\n\n<div class=\"wp-block-image\">\n<figure class=\"aligncenter size-full\"><img loading=\"lazy\" decoding=\"async\" width=\"750\" height=\"500\" src=\"https:\/\/cetalimentos.cl\/wp-content\/uploads\/2025\/05\/1744645365554-2.jpg\" alt=\"\" class=\"wp-image-2916\" srcset=\"https:\/\/cetalimentos.cl\/wp-content\/uploads\/2025\/05\/1744645365554-2.jpg 750w, https:\/\/cetalimentos.cl\/wp-content\/uploads\/2025\/05\/1744645365554-2-300x200.jpg 300w, https:\/\/cetalimentos.cl\/wp-content\/uploads\/2025\/05\/1744645365554-2-219x146.jpg 219w, https:\/\/cetalimentos.cl\/wp-content\/uploads\/2025\/05\/1744645365554-2-50x33.jpg 50w, https:\/\/cetalimentos.cl\/wp-content\/uploads\/2025\/05\/1744645365554-2-113x75.jpg 113w\" sizes=\"auto, (max-width: 750px) 100vw, 750px\" \/><\/figure>\n<\/div>","protected":false},"excerpt":{"rendered":"<p>El 14 de abril, en una ceremonia realizada en el Observatorio Cerro Tololo, Corfo y el Gobierno Regional de Coquimbo constituyeron oficialmente el Comit\u00e9 de Desarrollo<span class=\"excerpt-hellip\"> [\u2026]<\/span><\/p>\n","protected":false},"author":2,"featured_media":2907,"comment_status":"closed","ping_status":"closed","sticky":true,"template":"","format":"standard","meta":{"_themeisle_gutenberg_block_has_review":false,"_joinchat":[],"footnotes":""},"categories":[6,10],"tags":[],"class_list":["post-2905","post","type-post","status-publish","format-standard","has-post-thumbnail","hentry","category-ceta","category-norte"],"_links":{"self":[{"href":"https:\/\/cetalimentos.cl\/index.php\/wp-json\/wp\/v2\/posts\/2905","targetHints":{"allow":["GET"]}}],"collection":[{"href":"https:\/\/cetalimentos.cl\/index.php\/wp-json\/wp\/v2\/posts"}],"about":[{"href":"https:\/\/cetalimentos.cl\/index.php\/wp-json\/wp\/v2\/types\/post"}],"author":[{"embeddable":true,"href":"https:\/\/cetalimentos.cl\/index.php\/wp-json\/wp\/v2\/users\/2"}],"replies":[{"embeddable":true,"href":"https:\/\/cetalimentos.cl\/index.php\/wp-json\/wp\/v2\/comments?post=2905"}],"version-history":[{"count":2,"href":"https:\/\/cetalimentos.cl\/index.php\/wp-json\/wp\/v2\/posts\/2905\/revisions"}],"predecessor-version":[{"id":2988,"href":"https:\/\/cetalimentos.cl\/index.php\/wp-json\/wp\/v2\/posts\/2905\/revisions\/2988"}],"wp:featuredmedia":[{"embeddable":true,"href":"https:\/\/cetalimentos.cl\/index.php\/wp-json\/wp\/v2\/media\/2907"}],"wp:attachment":[{"href":"https:\/\/cetalimentos.cl\/index.php\/wp-json\/wp\/v2\/media?parent=2905"}],"wp:term":[{"taxonomy":"category","embeddable":true,"href":"https:\/\/cetalimentos.cl\/index.php\/wp-json\/wp\/v2\/categories?post=2905"},{"taxonomy":"post_tag","embeddable":true,"href":"https:\/\/cetalimentos.cl\/index.php\/wp-json\/wp\/v2\/tags?post=2905"}],"curies":[{"name":"wp","href":"https:\/\/api.w.org\/{rel}","templated":true}]}}