{"id":2676,"date":"2025-01-10T19:59:00","date_gmt":"2025-01-10T22:59:00","guid":{"rendered":"https:\/\/cetalimentos.cl\/?p=2676"},"modified":"2025-02-13T07:03:31","modified_gmt":"2025-02-13T10:03:31","slug":"director-ejecutivo-de-ceta-fue-jurado-concurso-educar-para-alimentar","status":"publish","type":"post","link":"https:\/\/cetalimentos.cl\/index.php\/2025\/01\/10\/director-ejecutivo-de-ceta-fue-jurado-concurso-educar-para-alimentar\/","title":{"rendered":"Director Ejecutivo de CeTA fue jurado Concurso Educar para Alimentar"},"content":{"rendered":"\n<p><\/p>\n\n\n\n<p>Este 2024 se celebr\u00f3 la d\u00e9cima edici\u00f3n del concurso <em>Educar para Alimentar<\/em>, una iniciativa liderada por Arcos Dorads Chile que reconoce la labor de los profesionales de los medios de comunicaci\u00f3n en la promoci\u00f3n de la educaci\u00f3n, la nutrici\u00f3n y los h\u00e1bitos de vida saludable.<\/p>\n\n\n\n<p>El certamen, que ha destacado por fomentar la divulgaci\u00f3n responsable sobre alimentaci\u00f3n y bienestar, cont\u00f3 con un jurado de excelencia compuesto por reconocidos expertos en diversas disciplinas. Entre ellos, <strong>Jean Paul Veas, Director Ejecutivo de CeTA<\/strong>, aport\u00f3 su experiencia en innovaci\u00f3n alimentaria y su compromiso con el desarrollo de soluciones sustentables para la industria.<\/p>\n\n\n\n<h3 class=\"wp-block-heading\">Resultados y Participaci\u00f3n<\/h3>\n\n\n\n<p>En esta edici\u00f3n, se evidenci\u00f3 una amplia participaci\u00f3n de los medios de comunicaci\u00f3n, con un notable 50% de los reportajes provenientes de televisi\u00f3n, un 46.2% de prensa escrita y un 3.8% en formato digital.<\/p>\n\n\n\n<p>Los ganadores fueron reconocidos en distintas categor\u00edas:<\/p>\n\n\n\n<h4 class=\"wp-block-heading\"><strong>Categor\u00eda Escrito<\/strong><\/h4>\n\n\n\n<ul class=\"wp-block-list\">\n<li><strong>Primer lugar<\/strong>: Catalina Pinela<\/li>\n\n\n\n<li><strong>Segundo lugar<\/strong>: Valentina Pizarro Brice\u00f1o<\/li>\n\n\n\n<li><strong>Tercer lugar<\/strong>: Catalina Mu\u00f1oz-Kappes<\/li>\n\n\n\n<li><strong>Menci\u00f3n honrosa<\/strong>: Pedro \u00c1lvarez, Ignacio Arriagada<\/li>\n<\/ul>\n\n\n\n<h4 class=\"wp-block-heading\"><strong>Categor\u00eda Televisi\u00f3n<\/strong><\/h4>\n\n\n\n<ul class=\"wp-block-list\">\n<li><strong>Primer lugar<\/strong>: Soledad Rodr\u00edguez<\/li>\n\n\n\n<li><strong>Segundo lugar<\/strong>: Nilse Silva<\/li>\n\n\n\n<li><strong>Tercer lugar<\/strong>: Diego Parada \/ Priscila Mu\u00f1oz<\/li>\n\n\n\n<li><strong>Menci\u00f3n honrosa<\/strong>: Jos\u00e9 Ignacio Atenas Candia<\/li>\n<\/ul>\n\n\n\n<h4 class=\"wp-block-heading\"><strong>Categor\u00eda Innovaci\u00f3n<\/strong><\/h4>\n\n\n\n<ul class=\"wp-block-list\">\n<li><strong>Ganadoras<\/strong>: Francisca Palma Far\u00edas &#8211; Concetta Cacciatore<\/li>\n<\/ul>\n\n\n\n<p>El premio fue entregado por <strong>Jean Paul Veas, Director Ejecutivo de CeTA Alimentos<\/strong>, resaltando la importancia de la innovaci\u00f3n en la industria alimentaria y el impacto de nuevas iniciativas en la sociedad.<\/p>\n\n\n\n<h4 class=\"wp-block-heading\"><strong>Categor\u00eda Estudiantes<\/strong><\/h4>\n\n\n\n<ul class=\"wp-block-list\">\n<li><strong>Primer lugar<\/strong>: Camila \u00c1lvarez<\/li>\n\n\n\n<li><strong>Segundo lugar<\/strong>: Tom\u00e1s Rojas<\/li>\n\n\n\n<li><strong>Tercer lugar<\/strong>: Yrela Ippolito &#8211; Isidora Rocha<\/li>\n\n\n\n<li><strong>Menci\u00f3n honrosa<\/strong>: Stefany Ruiz, Iv\u00e1n Dur\u00e1n<\/li>\n<\/ul>\n\n\n\n<h3 id=\"wp-block-themeisle-blocks-advanced-heading-9c2366e6\" class=\"wp-block-themeisle-blocks-advanced-heading wp-block-themeisle-blocks-advanced-heading-9c2366e6\">Un Compromiso con la Educaci\u00f3n y la Nutrici\u00f3n<\/h3>\n\n\n\n<p>Adem\u00e1s de premiar el esfuerzo de los periodistas, esta d\u00e9cima edici\u00f3n coincidi\u00f3 con el aniversario n\u00famero 35 de McDonald\u2019s en Chile, reafirmando el compromiso de la compa\u00f1\u00eda con una oferta balanceada y de calidad.<\/p>\n\n\n\n<p>Desde CeTA, agradecemos a todos quienes han contribuido a informar y educar sobre alimentaci\u00f3n saludable, la sostenibilidad y la innovaci\u00f3n alimentaria. <\/p>\n\n\n\n<figure class=\"wp-block-gallery has-nested-images columns-default is-cropped wp-block-gallery-1 is-layout-flex wp-block-gallery-is-layout-flex\">\n<figure class=\"wp-block-image size-large\"><img loading=\"lazy\" decoding=\"async\" width=\"1024\" height=\"683\" data-id=\"2679\" src=\"https:\/\/cetalimentos.cl\/wp-content\/uploads\/2025\/01\/1736523193259-1024x683.jpg\" alt=\"\" class=\"wp-image-2679\" srcset=\"https:\/\/cetalimentos.cl\/wp-content\/uploads\/2025\/01\/1736523193259-1024x683.jpg 1024w, https:\/\/cetalimentos.cl\/wp-content\/uploads\/2025\/01\/1736523193259-300x200.jpg 300w, https:\/\/cetalimentos.cl\/wp-content\/uploads\/2025\/01\/1736523193259-768x512.jpg 768w, https:\/\/cetalimentos.cl\/wp-content\/uploads\/2025\/01\/1736523193259-1536x1024.jpg 1536w, https:\/\/cetalimentos.cl\/wp-content\/uploads\/2025\/01\/1736523193259-219x146.jpg 219w, https:\/\/cetalimentos.cl\/wp-content\/uploads\/2025\/01\/1736523193259-50x33.jpg 50w, https:\/\/cetalimentos.cl\/wp-content\/uploads\/2025\/01\/1736523193259-113x75.jpg 113w, https:\/\/cetalimentos.cl\/wp-content\/uploads\/2025\/01\/1736523193259.jpg 2048w\" sizes=\"auto, (max-width: 1024px) 100vw, 1024px\" \/><\/figure>\n\n\n\n<figure class=\"wp-block-image size-large\"><img loading=\"lazy\" decoding=\"async\" width=\"1024\" height=\"684\" data-id=\"2677\" src=\"https:\/\/cetalimentos.cl\/wp-content\/uploads\/2025\/02\/DSC_1464-1024x684.jpg\" alt=\"\" class=\"wp-image-2677\" srcset=\"https:\/\/cetalimentos.cl\/wp-content\/uploads\/2025\/02\/DSC_1464-1024x684.jpg 1024w, https:\/\/cetalimentos.cl\/wp-content\/uploads\/2025\/02\/DSC_1464-300x200.jpg 300w, https:\/\/cetalimentos.cl\/wp-content\/uploads\/2025\/02\/DSC_1464-768x513.jpg 768w, https:\/\/cetalimentos.cl\/wp-content\/uploads\/2025\/02\/DSC_1464-1536x1025.jpg 1536w, https:\/\/cetalimentos.cl\/wp-content\/uploads\/2025\/02\/DSC_1464-2048x1367.jpg 2048w, https:\/\/cetalimentos.cl\/wp-content\/uploads\/2025\/02\/DSC_1464-219x146.jpg 219w, https:\/\/cetalimentos.cl\/wp-content\/uploads\/2025\/02\/DSC_1464-50x33.jpg 50w, https:\/\/cetalimentos.cl\/wp-content\/uploads\/2025\/02\/DSC_1464-112x75.jpg 112w\" sizes=\"auto, (max-width: 1024px) 100vw, 1024px\" \/><\/figure>\n<\/figure>\n\n\n\n<figure class=\"wp-block-image size-large is-style-default\"><img loading=\"lazy\" decoding=\"async\" width=\"1024\" height=\"683\" src=\"https:\/\/cetalimentos.cl\/wp-content\/uploads\/2025\/02\/1736523155766-1024x683.jpg\" alt=\"\" class=\"wp-image-2681\" srcset=\"https:\/\/cetalimentos.cl\/wp-content\/uploads\/2025\/02\/1736523155766-1024x683.jpg 1024w, https:\/\/cetalimentos.cl\/wp-content\/uploads\/2025\/02\/1736523155766-300x200.jpg 300w, https:\/\/cetalimentos.cl\/wp-content\/uploads\/2025\/02\/1736523155766-768x512.jpg 768w, https:\/\/cetalimentos.cl\/wp-content\/uploads\/2025\/02\/1736523155766-1536x1024.jpg 1536w, https:\/\/cetalimentos.cl\/wp-content\/uploads\/2025\/02\/1736523155766-219x146.jpg 219w, https:\/\/cetalimentos.cl\/wp-content\/uploads\/2025\/02\/1736523155766-50x33.jpg 50w, https:\/\/cetalimentos.cl\/wp-content\/uploads\/2025\/02\/1736523155766-113x75.jpg 113w, https:\/\/cetalimentos.cl\/wp-content\/uploads\/2025\/02\/1736523155766.jpg 2048w\" sizes=\"auto, (max-width: 1024px) 100vw, 1024px\" \/><\/figure>\n","protected":false},"excerpt":{"rendered":"<p>Este 2024 se celebr\u00f3 la d\u00e9cima edici\u00f3n del concurso Educar para Alimentar, una iniciativa liderada por Arcos Dorads Chile que reconoce la labor de los profesionales<span class=\"excerpt-hellip\"> [\u2026]<\/span><\/p>\n","protected":false},"author":2,"featured_media":2679,"comment_status":"closed","ping_status":"closed","sticky":true,"template":"","format":"standard","meta":{"_themeisle_gutenberg_block_has_review":false,"_joinchat":[],"footnotes":""},"categories":[6],"tags":[],"class_list":["post-2676","post","type-post","status-publish","format-standard","has-post-thumbnail","hentry","category-ceta"],"_links":{"self":[{"href":"https:\/\/cetalimentos.cl\/index.php\/wp-json\/wp\/v2\/posts\/2676","targetHints":{"allow":["GET"]}}],"collection":[{"href":"https:\/\/cetalimentos.cl\/index.php\/wp-json\/wp\/v2\/posts"}],"about":[{"href":"https:\/\/cetalimentos.cl\/index.php\/wp-json\/wp\/v2\/types\/post"}],"author":[{"embeddable":true,"href":"https:\/\/cetalimentos.cl\/index.php\/wp-json\/wp\/v2\/users\/2"}],"replies":[{"embeddable":true,"href":"https:\/\/cetalimentos.cl\/index.php\/wp-json\/wp\/v2\/comments?post=2676"}],"version-history":[{"count":5,"href":"https:\/\/cetalimentos.cl\/index.php\/wp-json\/wp\/v2\/posts\/2676\/revisions"}],"predecessor-version":[{"id":2724,"href":"https:\/\/cetalimentos.cl\/index.php\/wp-json\/wp\/v2\/posts\/2676\/revisions\/2724"}],"wp:featuredmedia":[{"embeddable":true,"href":"https:\/\/cetalimentos.cl\/index.php\/wp-json\/wp\/v2\/media\/2679"}],"wp:attachment":[{"href":"https:\/\/cetalimentos.cl\/index.php\/wp-json\/wp\/v2\/media?parent=2676"}],"wp:term":[{"taxonomy":"category","embeddable":true,"href":"https:\/\/cetalimentos.cl\/index.php\/wp-json\/wp\/v2\/categories?post=2676"},{"taxonomy":"post_tag","embeddable":true,"href":"https:\/\/cetalimentos.cl\/index.php\/wp-json\/wp\/v2\/tags?post=2676"}],"curies":[{"name":"wp","href":"https:\/\/api.w.org\/{rel}","templated":true}]}}