{"id":2656,"date":"2024-12-17T19:44:00","date_gmt":"2024-12-17T22:44:00","guid":{"rendered":"https:\/\/cetalimentos.cl\/?p=2656"},"modified":"2025-02-13T07:29:35","modified_gmt":"2025-02-13T10:29:35","slug":"consejeros-regionales-de-los-lagos-visitaron-ceta-caren","status":"publish","type":"post","link":"https:\/\/cetalimentos.cl\/index.php\/2024\/12\/17\/consejeros-regionales-de-los-lagos-visitaron-ceta-caren\/","title":{"rendered":"Consejeros Regionales de Los Lagos visitaron CeTA Car\u00e9n"},"content":{"rendered":"\n<p><br><br>Los Core de la regi\u00f3n de Los Lagos recorrieron los Centros Tecnol\u00f3gicos impulsados por Corfo en el centro del pa\u00eds. En esta importante jornada, la delegaci\u00f3n visit\u00f3 nuestra planta de CeTA en Laguna Car\u00e9n, donde pudieron ver de cerca el trabajo que realizamos d\u00eda a d\u00eda: innovaci\u00f3n, avances tecnol\u00f3gicos y asesor\u00edas para empresas de todos los tama\u00f1os. <br><\/p>\n\n\n\n<p>La delegaci\u00f3n estuvo compuesta por: Glenda Aicon, Fernando Hern\u00e1ndez, Rodrigo Hern\u00e1ndez, Rodrigo Arismendi, Francisco Reyes, Cristian Vargas, C\u00e9sar Negr\u00f3n y Daniel Lonc\u00f3n (DIPLADER del GORE Los Lagos), junto a representantes de Corfo y del Ministerio de Econom\u00eda.<br><br>Un encuentro enriquecedor que impulsa el desarrollo y la colaboraci\u00f3n regional. <\/p>\n\n\n\n<figure class=\"wp-block-gallery has-nested-images columns-default is-cropped wp-block-gallery-1 is-layout-flex wp-block-gallery-is-layout-flex\">\n<figure class=\"wp-block-image size-large\"><img loading=\"lazy\" decoding=\"async\" width=\"768\" height=\"1024\" data-id=\"2658\" src=\"https:\/\/cetalimentos.cl\/wp-content\/uploads\/2024\/12\/core-los-lagos-corfo-2-768x1024.jpg\" alt=\"\" class=\"wp-image-2658\" srcset=\"https:\/\/cetalimentos.cl\/wp-content\/uploads\/2024\/12\/core-los-lagos-corfo-2-768x1024.jpg 768w, https:\/\/cetalimentos.cl\/wp-content\/uploads\/2024\/12\/core-los-lagos-corfo-2-225x300.jpg 225w, https:\/\/cetalimentos.cl\/wp-content\/uploads\/2024\/12\/core-los-lagos-corfo-2-1152x1536.jpg 1152w, https:\/\/cetalimentos.cl\/wp-content\/uploads\/2024\/12\/core-los-lagos-corfo-2-110x146.jpg 110w, https:\/\/cetalimentos.cl\/wp-content\/uploads\/2024\/12\/core-los-lagos-corfo-2-38x50.jpg 38w, https:\/\/cetalimentos.cl\/wp-content\/uploads\/2024\/12\/core-los-lagos-corfo-2-56x75.jpg 56w, https:\/\/cetalimentos.cl\/wp-content\/uploads\/2024\/12\/core-los-lagos-corfo-2.jpg 1200w\" sizes=\"auto, (max-width: 768px) 100vw, 768px\" \/><\/figure>\n\n\n\n<figure class=\"wp-block-image size-large\"><img loading=\"lazy\" decoding=\"async\" width=\"1024\" height=\"768\" data-id=\"2657\" src=\"https:\/\/cetalimentos.cl\/wp-content\/uploads\/2024\/12\/core-los-lagos-corfo-1-1024x768.jpg\" alt=\"\" class=\"wp-image-2657\" srcset=\"https:\/\/cetalimentos.cl\/wp-content\/uploads\/2024\/12\/core-los-lagos-corfo-1-1024x768.jpg 1024w, https:\/\/cetalimentos.cl\/wp-content\/uploads\/2024\/12\/core-los-lagos-corfo-1-300x225.jpg 300w, https:\/\/cetalimentos.cl\/wp-content\/uploads\/2024\/12\/core-los-lagos-corfo-1-768x576.jpg 768w, https:\/\/cetalimentos.cl\/wp-content\/uploads\/2024\/12\/core-los-lagos-corfo-1-1536x1152.jpg 1536w, https:\/\/cetalimentos.cl\/wp-content\/uploads\/2024\/12\/core-los-lagos-corfo-1-195x146.jpg 195w, https:\/\/cetalimentos.cl\/wp-content\/uploads\/2024\/12\/core-los-lagos-corfo-1-50x38.jpg 50w, https:\/\/cetalimentos.cl\/wp-content\/uploads\/2024\/12\/core-los-lagos-corfo-1-100x75.jpg 100w, https:\/\/cetalimentos.cl\/wp-content\/uploads\/2024\/12\/core-los-lagos-corfo-1-960x720.jpg 960w, https:\/\/cetalimentos.cl\/wp-content\/uploads\/2024\/12\/core-los-lagos-corfo-1.jpg 1600w\" sizes=\"auto, (max-width: 1024px) 100vw, 1024px\" \/><\/figure>\n<\/figure>\n\n\n\n<figure class=\"wp-block-image size-full\"><img loading=\"lazy\" decoding=\"async\" width=\"982\" height=\"606\" src=\"https:\/\/cetalimentos.cl\/wp-content\/uploads\/2025\/02\/El-Heraldo-24.12.24.png\" alt=\"\" class=\"wp-image-2674\" srcset=\"https:\/\/cetalimentos.cl\/wp-content\/uploads\/2025\/02\/El-Heraldo-24.12.24.png 982w, https:\/\/cetalimentos.cl\/wp-content\/uploads\/2025\/02\/El-Heraldo-24.12.24-300x185.png 300w, https:\/\/cetalimentos.cl\/wp-content\/uploads\/2025\/02\/El-Heraldo-24.12.24-768x474.png 768w, https:\/\/cetalimentos.cl\/wp-content\/uploads\/2025\/02\/El-Heraldo-24.12.24-237x146.png 237w, https:\/\/cetalimentos.cl\/wp-content\/uploads\/2025\/02\/El-Heraldo-24.12.24-50x31.png 50w, https:\/\/cetalimentos.cl\/wp-content\/uploads\/2025\/02\/El-Heraldo-24.12.24-122x75.png 122w\" sizes=\"auto, (max-width: 982px) 100vw, 982px\" \/><\/figure>\n\n\n\n<div class=\"wp-block-buttons is-content-justification-center is-layout-flex wp-container-core-buttons-is-layout-16018d1d wp-block-buttons-is-layout-flex\">\n<div class=\"wp-block-button\"><a class=\"wp-block-button__link has-text-align-center wp-element-button\" href=\"https:\/\/www.eha.cl\/noticia\/regional\/consejeros-regionales-de-los-lagos-visitan-centros-tecnologicos-apoyados-por-corfo-en-laguna-caren\" target=\"_blank\" rel=\"noreferrer noopener\">Revisa la noticia completa en El Heraldo<\/a><\/div>\n<\/div>\n","protected":false},"excerpt":{"rendered":"<p>Los Core de la regi\u00f3n de Los Lagos recorrieron los Centros Tecnol\u00f3gicos impulsados por Corfo en el centro del pa\u00eds. En esta importante jornada, la delegaci\u00f3n<span class=\"excerpt-hellip\"> [\u2026]<\/span><\/p>\n","protected":false},"author":2,"featured_media":2659,"comment_status":"closed","ping_status":"closed","sticky":true,"template":"","format":"standard","meta":{"_themeisle_gutenberg_block_has_review":false,"_joinchat":[],"footnotes":""},"categories":[5,9],"tags":[],"class_list":["post-2656","post","type-post","status-publish","format-standard","has-post-thumbnail","hentry","category-centro","category-centrosur"],"_links":{"self":[{"href":"https:\/\/cetalimentos.cl\/index.php\/wp-json\/wp\/v2\/posts\/2656","targetHints":{"allow":["GET"]}}],"collection":[{"href":"https:\/\/cetalimentos.cl\/index.php\/wp-json\/wp\/v2\/posts"}],"about":[{"href":"https:\/\/cetalimentos.cl\/index.php\/wp-json\/wp\/v2\/types\/post"}],"author":[{"embeddable":true,"href":"https:\/\/cetalimentos.cl\/index.php\/wp-json\/wp\/v2\/users\/2"}],"replies":[{"embeddable":true,"href":"https:\/\/cetalimentos.cl\/index.php\/wp-json\/wp\/v2\/comments?post=2656"}],"version-history":[{"count":2,"href":"https:\/\/cetalimentos.cl\/index.php\/wp-json\/wp\/v2\/posts\/2656\/revisions"}],"predecessor-version":[{"id":2726,"href":"https:\/\/cetalimentos.cl\/index.php\/wp-json\/wp\/v2\/posts\/2656\/revisions\/2726"}],"wp:featuredmedia":[{"embeddable":true,"href":"https:\/\/cetalimentos.cl\/index.php\/wp-json\/wp\/v2\/media\/2659"}],"wp:attachment":[{"href":"https:\/\/cetalimentos.cl\/index.php\/wp-json\/wp\/v2\/media?parent=2656"}],"wp:term":[{"taxonomy":"category","embeddable":true,"href":"https:\/\/cetalimentos.cl\/index.php\/wp-json\/wp\/v2\/categories?post=2656"},{"taxonomy":"post_tag","embeddable":true,"href":"https:\/\/cetalimentos.cl\/index.php\/wp-json\/wp\/v2\/tags?post=2656"}],"curies":[{"name":"wp","href":"https:\/\/api.w.org\/{rel}","templated":true}]}}