{"id":236,"date":"2019-06-24T17:20:58","date_gmt":"2019-06-24T20:20:58","guid":{"rendered":"http:\/\/cetalimentos.cl\/?p=236"},"modified":"2019-06-24T17:20:58","modified_gmt":"2019-06-24T20:20:58","slug":"cft-de-los-rios-firma-convenio-con-ceta","status":"publish","type":"post","link":"https:\/\/cetalimentos.cl\/index.php\/2019\/06\/24\/cft-de-los-rios-firma-convenio-con-ceta\/","title":{"rendered":"CFT de Los R\u00edos firma convenio con CeTA"},"content":{"rendered":"\n<ul class=\"wp-block-list\"><li>El\nacuerdo busca fortalecer la experiencia de aprendizaje de alumnos en materia de\nproducci\u00f3n de alimentos saludables. Adem\u00e1s, da cuenta del trabajo colaborativo\nentre la academia, el sector productivo y la comunidad.<\/li><\/ul>\n\n\n\n<p>Un convenio que permitir\u00e1 a los alumnos del CFT de Los R\u00edos realizar pr\u00e1cticas profesionales y pasant\u00edas en las carreras de Agroindustria e Innovaci\u00f3n Alimentaria, Automatizaci\u00f3n y Administraci\u00f3n P\u00fablica Privada, adem\u00e1s de la organizaci\u00f3n conjunta de talleres, seminarios, jornadas t\u00e9cnicas y el uso de equipamiento para clases y talleres, firmaron el CFT de Los R\u00edos y CeTA .&nbsp; <\/p>\n\n\n\n<p>El acuerdo entre ambas instituciones fue firmado en dependencias de CeTA, donde se reunieron Ram\u00f3n Rubio, rector el CFT Estatal de Los R\u00edos, y Jaime Bellolio, miembro del Directorio de CeTA Alimentos.<\/p>\n\n\n\n<p>\u201cLa firma de este Convenio es un hito que da cuenta de la forma en que queremos relacionarnos con los sectores productivos, la academia y la comunidad. Vemos en CeTA a un aliado fundamental en nuestro desaf\u00edo por mover la frontera del desarrollo territorial, en este caso asociado a la industria alimentaria, la cual brinda m\u00faltiples oportunidades a la Regi\u00f3n de Los R\u00edos, desde el sector l\u00e1cteo, el sector c\u00e1rnico, frutales y cereales, todos ellos sectores donde somos actores relevantes a nivel nacional\u201d, indic\u00f3 Ram\u00f3n Rubio. <\/p>\n\n\n\n<p>Por su parte, &nbsp;Jean Paul Veas, director ejecutivo de CeTA, destac\u00f3 la motivaci\u00f3n del Centro \u201cpor colaborar en el desarrollo productivo de las regiones que abarca el Nodo Sur CeTA\/UFRO, entre ellas Los R\u00edos, zona de gran actividad agropecuaria y con alto potencial para la innovaci\u00f3n en alimentos. Contar con el capital humano capacitado para concretar ese impulso productivo es esencial, por lo que pensamos que este acuerdo con el CFT Los R\u00edos ser\u00e1 un paso relevante para la formaci\u00f3n de t\u00e9cnicos que aporten al desarrollo de la industria alimentaria en la regi\u00f3n\u201d.<\/p>\n\n\n\n<ul class=\"wp-block-gallery columns-3 is-cropped wp-block-gallery-1 is-layout-flex wp-block-gallery-is-layout-flex\"><li class=\"blocks-gallery-item\"><figure><img loading=\"lazy\" decoding=\"async\" width=\"1024\" height=\"977\" src=\"https:\/\/fcopalomo.cl\/cetalimentos\/wp-content\/uploads\/2023\/05\/IMG_3067-1-1024x977.jpg\" alt=\"\" data-id=\"237\" data-link=\"http:\/\/cetalimentos.cl\/?attachment_id=237\" class=\"wp-image-237\"\/><\/figure><\/li><li class=\"blocks-gallery-item\"><figure><img decoding=\"async\" src=\"https:\/\/fcopalomo.cl\/cetalimentos\/wp-content\/uploads\/2023\/05\/IMG_3075-1-1024x798.jpg\" alt=\"\" data-id=\"239\" data-link=\"http:\/\/cetalimentos.cl\/?attachment_id=239\" class=\"wp-image-239\"\/><\/figure><\/li><li class=\"blocks-gallery-item\"><figure><img decoding=\"async\" src=\"https:\/\/fcopalomo.cl\/cetalimentos\/wp-content\/uploads\/2023\/05\/IMG_3078-1024x741.jpg\" alt=\"\" data-id=\"240\" data-link=\"http:\/\/cetalimentos.cl\/?attachment_id=240\" class=\"wp-image-240\"\/><\/figure><\/li><\/ul>\n","protected":false},"excerpt":{"rendered":"<p>El acuerdo busca fortalecer la experiencia de aprendizaje de alumnos en materia de producci\u00f3n de alimentos saludables. Adem\u00e1s, da cuenta del trabajo colaborativo entre la academia,<span class=\"excerpt-hellip\"> [\u2026]<\/span><\/p>\n","protected":false},"author":2,"featured_media":239,"comment_status":"open","ping_status":"open","sticky":false,"template":"","format":"standard","meta":{"_themeisle_gutenberg_block_has_review":false,"_joinchat":[],"footnotes":""},"categories":[6,7],"tags":[],"class_list":["post-236","post","type-post","status-publish","format-standard","has-post-thumbnail","hentry","category-ceta","category-sur"],"_links":{"self":[{"href":"https:\/\/cetalimentos.cl\/index.php\/wp-json\/wp\/v2\/posts\/236","targetHints":{"allow":["GET"]}}],"collection":[{"href":"https:\/\/cetalimentos.cl\/index.php\/wp-json\/wp\/v2\/posts"}],"about":[{"href":"https:\/\/cetalimentos.cl\/index.php\/wp-json\/wp\/v2\/types\/post"}],"author":[{"embeddable":true,"href":"https:\/\/cetalimentos.cl\/index.php\/wp-json\/wp\/v2\/users\/2"}],"replies":[{"embeddable":true,"href":"https:\/\/cetalimentos.cl\/index.php\/wp-json\/wp\/v2\/comments?post=236"}],"version-history":[{"count":0,"href":"https:\/\/cetalimentos.cl\/index.php\/wp-json\/wp\/v2\/posts\/236\/revisions"}],"wp:featuredmedia":[{"embeddable":true,"href":"https:\/\/cetalimentos.cl\/index.php\/wp-json\/wp\/v2\/media\/239"}],"wp:attachment":[{"href":"https:\/\/cetalimentos.cl\/index.php\/wp-json\/wp\/v2\/media?parent=236"}],"wp:term":[{"taxonomy":"category","embeddable":true,"href":"https:\/\/cetalimentos.cl\/index.php\/wp-json\/wp\/v2\/categories?post=236"},{"taxonomy":"post_tag","embeddable":true,"href":"https:\/\/cetalimentos.cl\/index.php\/wp-json\/wp\/v2\/tags?post=236"}],"curies":[{"name":"wp","href":"https:\/\/api.w.org\/{rel}","templated":true}]}}