{"id":2116,"date":"2024-04-02T23:11:59","date_gmt":"2024-04-03T02:11:59","guid":{"rendered":"https:\/\/cetalimentos.cl\/?p=2116"},"modified":"2024-04-02T23:12:01","modified_gmt":"2024-04-03T02:12:01","slug":"especial-mes-de-la-mujer","status":"publish","type":"post","link":"https:\/\/cetalimentos.cl\/index.php\/2024\/04\/02\/especial-mes-de-la-mujer\/","title":{"rendered":"Especial Mes de la Mujer"},"content":{"rendered":"\n<h4 class=\"wp-block-heading\">Durante todo el mes de marzo estuvimos publicando en nuestras plataformas material especial por un nuevo D\u00eda Internacional de la Mujer. <\/h4>\n\n\n\n<p class=\"has-text-align-left\">Marzo fue un mes en que buscamos concientizar sobre la importancia de promover la equidad de g\u00e9nero en todo orden de cosas, especialmente en en al \u00e1mbito laboral en las distintas industrias productivas y espec\u00edficamente en el sector de innovaci\u00f3n y alimentos, donde las mujeres aportan conocimiento, eficiencia, experiencia y car\u00e1cter, entre otros. <\/p>\n\n\n\n<p>Estuvimos  compartiendo opiniones, expectativas y desaf\u00edos en la voz de mujeres l\u00edderes de la industria alimentaria; mujeres que conforman el equipo de CeTA; emprendedoras que han desarrollado sus productos en CeTA y aquellas que reci\u00e9n comienzan sus proyectos con nosotros.  <\/p>\n\n\n\n<p><strong>Revisa aqu\u00ed lo que fue el Mes de la Mujer en CeTA:<\/strong><\/p>\n\n\n<div class=\"wp-block-image\">\n<figure class=\"aligncenter size-full\"><a href=\"https:\/\/www.linkedin.com\/feed\/update\/urn:li:activity:7171871778179272704\" target=\"_blank\" rel=\"noreferrer noopener\"><img loading=\"lazy\" decoding=\"async\" width=\"940\" height=\"788\" src=\"https:\/\/cetalimentos.cl\/wp-content\/uploads\/2024\/04\/1.png\" alt=\"\" class=\"wp-image-2141\" srcset=\"https:\/\/cetalimentos.cl\/wp-content\/uploads\/2024\/04\/1.png 940w, https:\/\/cetalimentos.cl\/wp-content\/uploads\/2024\/04\/1-300x251.png 300w, https:\/\/cetalimentos.cl\/wp-content\/uploads\/2024\/04\/1-768x644.png 768w, https:\/\/cetalimentos.cl\/wp-content\/uploads\/2024\/04\/1-174x146.png 174w, https:\/\/cetalimentos.cl\/wp-content\/uploads\/2024\/04\/1-50x42.png 50w, https:\/\/cetalimentos.cl\/wp-content\/uploads\/2024\/04\/1-89x75.png 89w\" sizes=\"auto, (max-width: 940px) 100vw, 940px\" \/><\/a><figcaption class=\"wp-element-caption\"><br><strong>En CeTA el 57% de quienes trabajan en los 3 Centros de Innovaci\u00f3n del pa\u00eds son mujeres, las cuales destacan por su dedicaci\u00f3n y experiencia en el impulso de la diversificaci\u00f3n y la innovaci\u00f3n en el ecosistema alimentario <\/strong>(<a href=\"https:\/\/www.linkedin.com\/feed\/update\/urn:li:activity:7171871778179272704\">Ver m\u00e1s<\/a>).<\/figcaption><\/figure>\n<\/div>\n\n<div class=\"wp-block-image\">\n<figure class=\"aligncenter size-full\"><a href=\"https:\/\/www.linkedin.com\/feed\/update\/urn:li:activity:7170463392871206912\" target=\"_blank\" rel=\"noreferrer noopener\"><img loading=\"lazy\" decoding=\"async\" width=\"940\" height=\"788\" src=\"https:\/\/cetalimentos.cl\/wp-content\/uploads\/2024\/04\/2.png\" alt=\"\" class=\"wp-image-2142\" srcset=\"https:\/\/cetalimentos.cl\/wp-content\/uploads\/2024\/04\/2.png 940w, https:\/\/cetalimentos.cl\/wp-content\/uploads\/2024\/04\/2-300x251.png 300w, https:\/\/cetalimentos.cl\/wp-content\/uploads\/2024\/04\/2-768x644.png 768w, https:\/\/cetalimentos.cl\/wp-content\/uploads\/2024\/04\/2-174x146.png 174w, https:\/\/cetalimentos.cl\/wp-content\/uploads\/2024\/04\/2-50x42.png 50w, https:\/\/cetalimentos.cl\/wp-content\/uploads\/2024\/04\/2-89x75.png 89w\" sizes=\"auto, (max-width: 940px) 100vw, 940px\" \/><\/a><figcaption class=\"wp-element-caption\"><br><strong>Iniciamos el Mes de la Mujer destacando su aporte y rol diferenciador en el \u00e1mbito laboral. El trabajo es uno de los ejes donde se han logrado cambios significativos para las mujeres en el \u00faltimo tiempo<\/strong>. (<a href=\"https:\/\/www.linkedin.com\/feed\/update\/urn:li:activity:7170463392871206912\">Ver m\u00e1s<\/a>)<\/figcaption><\/figure>\n<\/div>\n\n<div class=\"wp-block-image\">\n<figure class=\"aligncenter size-full\"><a href=\"https:\/\/www.linkedin.com\/feed\/update\/urn:li:activity:7172976426546020353\/\" target=\"_blank\" rel=\"noreferrer noopener\"><img loading=\"lazy\" decoding=\"async\" width=\"940\" height=\"788\" src=\"https:\/\/cetalimentos.cl\/wp-content\/uploads\/2024\/04\/3.jpg\" alt=\"\" class=\"wp-image-2144\" srcset=\"https:\/\/cetalimentos.cl\/wp-content\/uploads\/2024\/04\/3.jpg 940w, https:\/\/cetalimentos.cl\/wp-content\/uploads\/2024\/04\/3-300x251.jpg 300w, https:\/\/cetalimentos.cl\/wp-content\/uploads\/2024\/04\/3-768x644.jpg 768w, https:\/\/cetalimentos.cl\/wp-content\/uploads\/2024\/04\/3-174x146.jpg 174w, https:\/\/cetalimentos.cl\/wp-content\/uploads\/2024\/04\/3-50x42.jpg 50w, https:\/\/cetalimentos.cl\/wp-content\/uploads\/2024\/04\/3-89x75.jpg 89w\" sizes=\"auto, (max-width: 940px) 100vw, 940px\" \/><\/a><\/figure>\n<\/div>\n\n\n<p class=\"has-text-align-center\"><a href=\"https:\/\/www.linkedin.com\/in\/ACoAAARtDCcBs6ljcyySGmVrnEsHsdtMsBQkOa4\"><\/a><strong>Graciela Urrutia, Gerente del Programa Estrat\u00e9gico Nacional en <a href=\"https:\/\/www.linkedin.com\/in\/ACoAACHvo4oB7Mkvmu4e2Zkm27jBnyBljrEqRho\"><\/a>Transforma Alimentos, nos habl\u00f3 acerca de c\u00f3mo se pueden aumentar los recursos e incentivos para mujeres trabajadoras, empresarias y emprendedoras<\/strong> (<a href=\"https:\/\/www.linkedin.com\/feed\/update\/urn:li:activity:7172976426546020353\">Ver m\u00e1s<\/a>)<\/p>\n\n\n<div class=\"wp-block-image\">\n<figure class=\"aligncenter size-full\"><a href=\"https:\/\/www.linkedin.com\/feed\/update\/urn:li:activity:7173680907470405632\" target=\"_blank\" rel=\"noreferrer noopener\"><img loading=\"lazy\" decoding=\"async\" width=\"940\" height=\"788\" src=\"https:\/\/cetalimentos.cl\/wp-content\/uploads\/2024\/04\/4.jpg\" alt=\"\" class=\"wp-image-2145\" srcset=\"https:\/\/cetalimentos.cl\/wp-content\/uploads\/2024\/04\/4.jpg 940w, https:\/\/cetalimentos.cl\/wp-content\/uploads\/2024\/04\/4-300x251.jpg 300w, https:\/\/cetalimentos.cl\/wp-content\/uploads\/2024\/04\/4-768x644.jpg 768w, https:\/\/cetalimentos.cl\/wp-content\/uploads\/2024\/04\/4-174x146.jpg 174w, https:\/\/cetalimentos.cl\/wp-content\/uploads\/2024\/04\/4-50x42.jpg 50w, https:\/\/cetalimentos.cl\/wp-content\/uploads\/2024\/04\/4-89x75.jpg 89w\" sizes=\"auto, (max-width: 940px) 100vw, 940px\" \/><\/a><\/figure>\n<\/div>\n\n\n<p class=\"has-text-align-center\"><a href=\"https:\/\/www.linkedin.com\/in\/ACoAAAQdOdIB-KF7B57q5Kb6IfM-IKvf52-jrpE\"><\/a><strong>Jean Paul Veas, Director Ejecutivo de CeTA, comparte sus reflexiones sobre esta tem\u00e1tica y c\u00f3mo se ha implementado la paridad en nuestra corporaci\u00f3n<\/strong> (<a href=\"https:\/\/www.linkedin.com\/feed\/update\/urn:li:activity:7173680907470405632\">Ver m\u00e1s<\/a>)<\/p>\n\n\n<div class=\"wp-block-image\">\n<figure class=\"aligncenter size-full\"><a href=\"https:\/\/www.linkedin.com\/feed\/update\/urn:li:activity:7174431087908036608\" target=\"_blank\" rel=\"noreferrer noopener\"><img loading=\"lazy\" decoding=\"async\" width=\"940\" height=\"788\" src=\"https:\/\/cetalimentos.cl\/wp-content\/uploads\/2024\/04\/6.jpg\" alt=\"\" class=\"wp-image-2146\" srcset=\"https:\/\/cetalimentos.cl\/wp-content\/uploads\/2024\/04\/6.jpg 940w, https:\/\/cetalimentos.cl\/wp-content\/uploads\/2024\/04\/6-300x251.jpg 300w, https:\/\/cetalimentos.cl\/wp-content\/uploads\/2024\/04\/6-768x644.jpg 768w, https:\/\/cetalimentos.cl\/wp-content\/uploads\/2024\/04\/6-174x146.jpg 174w, https:\/\/cetalimentos.cl\/wp-content\/uploads\/2024\/04\/6-50x42.jpg 50w, https:\/\/cetalimentos.cl\/wp-content\/uploads\/2024\/04\/6-89x75.jpg 89w\" sizes=\"auto, (max-width: 940px) 100vw, 940px\" \/><\/a><figcaption class=\"wp-element-caption\"><strong><br>Seguimos destacando a mujeres del sector de la Industria Alimentaria. Hoy les presentamos a <a href=\"https:\/\/www.linkedin.com\/in\/ACoAAASPpzYB0U4Eh4G2akdqcds21eMq3AEoKEM\"><\/a>Marcela Bernedo, quien es fundadora de la marca &#8220;\ud835\uddd9\ud835\uddf9\ud835\uddfc\ud835\uddff \ud835\uddf1\ud835\uddf2 \ud835\ude01\u00e9&#8221; y que ha desarrollado su marca en colaboraci\u00f3n con CeTA <\/strong>(<a href=\"https:\/\/www.linkedin.com\/feed\/update\/urn:li:activity:7174431087908036608\">Ver m\u00e1s<\/a>)<\/figcaption><\/figure>\n<\/div>\n\n<div class=\"wp-block-image\">\n<figure class=\"aligncenter size-full is-resized\"><a href=\"https:\/\/www.linkedin.com\/feed\/update\/urn:li:activity:7171173988247683072\" target=\"_blank\" rel=\"noreferrer noopener\"><img loading=\"lazy\" decoding=\"async\" width=\"940\" height=\"788\" src=\"https:\/\/cetalimentos.cl\/wp-content\/uploads\/2024\/04\/5.jpg\" alt=\"\" class=\"wp-image-2147\" style=\"width:840px;height:auto\" srcset=\"https:\/\/cetalimentos.cl\/wp-content\/uploads\/2024\/04\/5.jpg 940w, https:\/\/cetalimentos.cl\/wp-content\/uploads\/2024\/04\/5-300x251.jpg 300w, https:\/\/cetalimentos.cl\/wp-content\/uploads\/2024\/04\/5-768x644.jpg 768w, https:\/\/cetalimentos.cl\/wp-content\/uploads\/2024\/04\/5-174x146.jpg 174w, https:\/\/cetalimentos.cl\/wp-content\/uploads\/2024\/04\/5-50x42.jpg 50w, https:\/\/cetalimentos.cl\/wp-content\/uploads\/2024\/04\/5-89x75.jpg 89w\" sizes=\"auto, (max-width: 940px) 100vw, 940px\" \/><\/a><figcaption class=\"wp-element-caption\"><strong><br>Hoy queremos destacar a Marcela Fuentes de Spice Cocktails. Marcela es ingeniera en Biotecnolog\u00eda Molecular y Doctora en Nutrici\u00f3n y Alimentos y ha trabajado su marca y desarrollado sus productos en colaboraci\u00f3n con Corfo y CeTA<\/strong> (<a href=\"https:\/\/www.linkedin.com\/feed\/update\/urn:li:activity:7171173988247683072\">Ver m\u00e1s<\/a>)<\/figcaption><\/figure>\n<\/div>\n\n<div class=\"wp-block-image\">\n<figure class=\"aligncenter size-full\"><a href=\"https:\/\/www.linkedin.com\/feed\/update\/urn:li:activity:7175557902521237504\" target=\"_blank\" rel=\"noreferrer noopener\"><img loading=\"lazy\" decoding=\"async\" width=\"940\" height=\"788\" src=\"https:\/\/cetalimentos.cl\/wp-content\/uploads\/2024\/04\/7.jpg\" alt=\"\" class=\"wp-image-2148\" srcset=\"https:\/\/cetalimentos.cl\/wp-content\/uploads\/2024\/04\/7.jpg 940w, https:\/\/cetalimentos.cl\/wp-content\/uploads\/2024\/04\/7-300x251.jpg 300w, https:\/\/cetalimentos.cl\/wp-content\/uploads\/2024\/04\/7-768x644.jpg 768w, https:\/\/cetalimentos.cl\/wp-content\/uploads\/2024\/04\/7-174x146.jpg 174w, https:\/\/cetalimentos.cl\/wp-content\/uploads\/2024\/04\/7-50x42.jpg 50w, https:\/\/cetalimentos.cl\/wp-content\/uploads\/2024\/04\/7-89x75.jpg 89w\" sizes=\"auto, (max-width: 940px) 100vw, 940px\" \/><\/a><figcaption class=\"wp-element-caption\"><br><strong>\u00a0Les compartimos las opiniones y conclusiones de las mujeres que lideran los 3 Centros de Innovaci\u00f3n en CeTAlimentos : Sur, Centro y Norte<\/strong> (<a href=\"https:\/\/www.linkedin.com\/feed\/update\/urn:li:activity:7175557902521237504\">Ver m\u00e1s<\/a>)<\/figcaption><\/figure>\n<\/div>\n\n<div class=\"wp-block-image\">\n<figure class=\"aligncenter size-large\"><a href=\"https:\/\/www.linkedin.com\/feed\/update\/urn:li:activity:7176220855885058048\" target=\"_blank\" rel=\"noreferrer noopener\"><img loading=\"lazy\" decoding=\"async\" width=\"1024\" height=\"1024\" src=\"https:\/\/cetalimentos.cl\/wp-content\/uploads\/2024\/04\/Mujeres-en-investigacion-y-carreras-STEM-Post-de-Instagram-1024x1024.jpg\" alt=\"\" class=\"wp-image-2154\" srcset=\"https:\/\/cetalimentos.cl\/wp-content\/uploads\/2024\/04\/Mujeres-en-investigacion-y-carreras-STEM-Post-de-Instagram-1024x1024.jpg 1024w, https:\/\/cetalimentos.cl\/wp-content\/uploads\/2024\/04\/Mujeres-en-investigacion-y-carreras-STEM-Post-de-Instagram-300x300.jpg 300w, https:\/\/cetalimentos.cl\/wp-content\/uploads\/2024\/04\/Mujeres-en-investigacion-y-carreras-STEM-Post-de-Instagram-150x150.jpg 150w, https:\/\/cetalimentos.cl\/wp-content\/uploads\/2024\/04\/Mujeres-en-investigacion-y-carreras-STEM-Post-de-Instagram-768x768.jpg 768w, https:\/\/cetalimentos.cl\/wp-content\/uploads\/2024\/04\/Mujeres-en-investigacion-y-carreras-STEM-Post-de-Instagram-146x146.jpg 146w, https:\/\/cetalimentos.cl\/wp-content\/uploads\/2024\/04\/Mujeres-en-investigacion-y-carreras-STEM-Post-de-Instagram-50x50.jpg 50w, https:\/\/cetalimentos.cl\/wp-content\/uploads\/2024\/04\/Mujeres-en-investigacion-y-carreras-STEM-Post-de-Instagram-75x75.jpg 75w, https:\/\/cetalimentos.cl\/wp-content\/uploads\/2024\/04\/Mujeres-en-investigacion-y-carreras-STEM-Post-de-Instagram-85x85.jpg 85w, https:\/\/cetalimentos.cl\/wp-content\/uploads\/2024\/04\/Mujeres-en-investigacion-y-carreras-STEM-Post-de-Instagram-80x80.jpg 80w, https:\/\/cetalimentos.cl\/wp-content\/uploads\/2024\/04\/Mujeres-en-investigacion-y-carreras-STEM-Post-de-Instagram.jpg 1080w\" sizes=\"auto, (max-width: 1024px) 100vw, 1024px\" \/><\/a><figcaption class=\"wp-element-caption\"><br><strong>Una de las brechas de g\u00e9nero que persiste en nuestro pa\u00eds, es en el \u00e1mbito de Ciencia, Tecnolog\u00eda, Conocimiento e Innovaci\u00f3n, como lo revela la \ud835\udde7\ud835\uddf2\ud835\uddff\ud835\uddf0\ud835\uddf2\ud835\uddff\ud835\uddee \ud835\udde5\ud835\uddee\ud835\uddf1\ud835\uddf6\ud835\uddfc\ud835\uddf4\ud835\uddff\ud835\uddee\ud835\uddf3\u00ed\ud835\uddee \ud835\uddf1\ud835\uddf2 \ud835\uddda\u00e9\ud835\uddfb\ud835\uddf2\ud835\uddff\ud835\uddfc en estas \u00e1reas, realizada en 2023 por \ud835\udde2\ud835\uddd5\ud835\udde6\ud835\uddd8\ud835\udde5\ud835\udde9\ud835\uddd4 \ud835\uddf1\ud835\uddf2\ud835\uddf9 Ministerio de Ciencia, Tecnolog\u00eda, Conocimiento e Innovaci\u00f3n \ud835\uddf1\ud835\uddf2 \ud835\uddd6\ud835\uddf5\ud835\uddf6\ud835\uddf9\ud835\uddf2. Una de las cifras destacadas, es que s\u00f3lo el \ud835\udfef\ud835\udff0% \ud835\uddf1\ud835\uddf2 \ud835\uddfa\ud835\ude02\ud835\uddf7\ud835\uddf2\ud835\uddff\ud835\uddf2\ud835\ude00 \ud835\uddf1\ud835\uddf2\ud835\ude00\ud835\uddee\ud835\uddff\ud835\uddff\ud835\uddfc\ud835\uddf9\ud835\uddf9\ud835\uddee \ud835\uddf6\ud835\uddfb\ud835\ude03\ud835\uddf2\ud835\ude00\ud835\ude01\ud835\uddf6\ud835\uddf4\ud835\uddee\ud835\uddf0\ud835\uddf6\u00f3\ud835\uddfb \ud835\uddf2\ud835\uddfb \ud835\uddd6\ud835\uddf5\ud835\uddf6\ud835\uddf9\ud835\uddf2<\/strong> (<a href=\"https:\/\/www.linkedin.com\/feed\/update\/urn:li:activity:7176220855885058048\">Ver m\u00e1s<\/a>)<\/figcaption><\/figure>\n<\/div>\n\n<div class=\"wp-block-image\">\n<figure class=\"aligncenter size-full\"><a href=\"https:\/\/www.linkedin.com\/feed\/update\/urn:li:activity:7178070735628709889\" target=\"_blank\" rel=\"noreferrer noopener\"><img loading=\"lazy\" decoding=\"async\" width=\"940\" height=\"788\" src=\"https:\/\/cetalimentos.cl\/wp-content\/uploads\/2024\/04\/8.jpg\" alt=\"\" class=\"wp-image-2149\" srcset=\"https:\/\/cetalimentos.cl\/wp-content\/uploads\/2024\/04\/8.jpg 940w, https:\/\/cetalimentos.cl\/wp-content\/uploads\/2024\/04\/8-300x251.jpg 300w, https:\/\/cetalimentos.cl\/wp-content\/uploads\/2024\/04\/8-768x644.jpg 768w, https:\/\/cetalimentos.cl\/wp-content\/uploads\/2024\/04\/8-174x146.jpg 174w, https:\/\/cetalimentos.cl\/wp-content\/uploads\/2024\/04\/8-50x42.jpg 50w, https:\/\/cetalimentos.cl\/wp-content\/uploads\/2024\/04\/8-89x75.jpg 89w\" sizes=\"auto, (max-width: 940px) 100vw, 940px\" \/><\/a><figcaption class=\"wp-element-caption\"><br><strong>Les compartimos las impresiones de Juliana Holbach (Coordinadora de Desarrollo y Calidad) y <a href=\"https:\/\/www.linkedin.com\/in\/ACoAAA_t9ZMBNKMdekSFP3i7YEqD45PIndCDxEU\"><\/a>Debora Rojas (Encargada de Desarrollo y Calidad) acerca de las diferencias entre mujeres y hombres en el \u00e1mbito laboral y sus ideales de futuro para el mejoramiento en el desarrollo de sus capacidades en el trabajo<\/strong> (<a href=\"https:\/\/www.linkedin.com\/feed\/update\/urn:li:activity:7178070735628709889\/\">Ver m\u00e1s<\/a>)<\/figcaption><\/figure>\n<\/div>\n\n<div class=\"wp-block-image\">\n<figure class=\"aligncenter size-full\"><a href=\"https:\/\/www.linkedin.com\/feed\/update\/urn:li:activity:7178811951609708544\" target=\"_blank\" rel=\"noreferrer noopener\"><img loading=\"lazy\" decoding=\"async\" width=\"940\" height=\"788\" src=\"https:\/\/cetalimentos.cl\/wp-content\/uploads\/2024\/04\/9.jpg\" alt=\"\" class=\"wp-image-2150\" srcset=\"https:\/\/cetalimentos.cl\/wp-content\/uploads\/2024\/04\/9.jpg 940w, https:\/\/cetalimentos.cl\/wp-content\/uploads\/2024\/04\/9-300x251.jpg 300w, https:\/\/cetalimentos.cl\/wp-content\/uploads\/2024\/04\/9-768x644.jpg 768w, https:\/\/cetalimentos.cl\/wp-content\/uploads\/2024\/04\/9-174x146.jpg 174w, https:\/\/cetalimentos.cl\/wp-content\/uploads\/2024\/04\/9-50x42.jpg 50w, https:\/\/cetalimentos.cl\/wp-content\/uploads\/2024\/04\/9-89x75.jpg 89w\" sizes=\"auto, (max-width: 940px) 100vw, 940px\" \/><\/a><figcaption class=\"wp-element-caption\"><br><strong>Hoy queremos destacar el talento, esfuerzo y la visi\u00f3n de 2 mujeres emprendedoras de nuestro pa\u00eds que se adjudicaron proyectos de desarrollo de sus productos a trav\u00e9s del Programa \u201cS\u00famate a Innovar\u201d que es respaldado y financiado por Corfo<\/strong> (<a href=\"https:\/\/www.linkedin.com\/feed\/update\/urn:li:activity:7178811951609708544\">Ver m\u00e1s<\/a>)<\/figcaption><\/figure>\n<\/div>","protected":false},"excerpt":{"rendered":"<p>Durante todo el mes de marzo estuvimos publicando en nuestras plataformas material especial por un nuevo D\u00eda Internacional de la Mujer. Marzo fue un mes en<span class=\"excerpt-hellip\"> [\u2026]<\/span><\/p>\n","protected":false},"author":2,"featured_media":2157,"comment_status":"closed","ping_status":"closed","sticky":false,"template":"","format":"standard","meta":{"_themeisle_gutenberg_block_has_review":false,"_joinchat":[],"footnotes":""},"categories":[5,9,6,10,8],"tags":[],"class_list":["post-2116","post","type-post","status-publish","format-standard","has-post-thumbnail","hentry","category-centro","category-centrosur","category-ceta","category-norte","category-prensa"],"_links":{"self":[{"href":"https:\/\/cetalimentos.cl\/index.php\/wp-json\/wp\/v2\/posts\/2116","targetHints":{"allow":["GET"]}}],"collection":[{"href":"https:\/\/cetalimentos.cl\/index.php\/wp-json\/wp\/v2\/posts"}],"about":[{"href":"https:\/\/cetalimentos.cl\/index.php\/wp-json\/wp\/v2\/types\/post"}],"author":[{"embeddable":true,"href":"https:\/\/cetalimentos.cl\/index.php\/wp-json\/wp\/v2\/users\/2"}],"replies":[{"embeddable":true,"href":"https:\/\/cetalimentos.cl\/index.php\/wp-json\/wp\/v2\/comments?post=2116"}],"version-history":[{"count":7,"href":"https:\/\/cetalimentos.cl\/index.php\/wp-json\/wp\/v2\/posts\/2116\/revisions"}],"predecessor-version":[{"id":2156,"href":"https:\/\/cetalimentos.cl\/index.php\/wp-json\/wp\/v2\/posts\/2116\/revisions\/2156"}],"wp:featuredmedia":[{"embeddable":true,"href":"https:\/\/cetalimentos.cl\/index.php\/wp-json\/wp\/v2\/media\/2157"}],"wp:attachment":[{"href":"https:\/\/cetalimentos.cl\/index.php\/wp-json\/wp\/v2\/media?parent=2116"}],"wp:term":[{"taxonomy":"category","embeddable":true,"href":"https:\/\/cetalimentos.cl\/index.php\/wp-json\/wp\/v2\/categories?post=2116"},{"taxonomy":"post_tag","embeddable":true,"href":"https:\/\/cetalimentos.cl\/index.php\/wp-json\/wp\/v2\/tags?post=2116"}],"curies":[{"name":"wp","href":"https:\/\/api.w.org\/{rel}","templated":true}]}}