{"id":113,"date":"2018-07-01T11:38:21","date_gmt":"2018-07-01T14:38:21","guid":{"rendered":"http:\/\/cetalimentos.cl\/?p=113"},"modified":"2018-07-01T11:38:21","modified_gmt":"2018-07-01T14:38:21","slug":"ceta-nombra-nuevo-director-ejecutivo","status":"publish","type":"post","link":"https:\/\/cetalimentos.cl\/index.php\/2018\/07\/01\/ceta-nombra-nuevo-director-ejecutivo\/","title":{"rendered":"CETA NOMBRA NUEVO DIRECTOR EJECUTIVO"},"content":{"rendered":"\n<figure class=\"wp-block-image\"><img decoding=\"async\" src=\"https:\/\/fcopalomo.cl\/cetalimentos\/wp-content\/uploads\/2023\/05\/JPV2-807x1024-807x1024.jpg\" alt=\"\" class=\"wp-image-114\"\/><\/figure>\n\n\n\n<p>El Directorio del Centro Tecnol\u00f3gico para la Innovaci\u00f3n Alimentaria, CeTa, nombr\u00f3 recientemente a&nbsp;<strong>Jean Paul Veas<\/strong>&nbsp;como Director Ejecutivo.<\/p>\n\n\n\n<p>Veas es MBA de la Pontificia Universidad Cat\u00f3lica de Chile e Ingeniero Civil Qu\u00edmico de la Universidad de Concepci\u00f3n. Posee 15 a\u00f1os de experiencia en la industria de alimentos, envases, embalajes y evaluaci\u00f3n de proyectos. Se desempe\u00f1\u00f3 en gerencias de operaciones y jefaturas de producci\u00f3n en empresas multinacionales como Nestl\u00e9, Kalle y Vitivin\u00edcolas Nacionales.<\/p>\n\n\n\n<p>Adem\u00e1s, ha trabajado como ingeniero de Proyectos en el Royal Institute of Technology de Estocolmo y en la Unidad de Desarrollo Tecnol\u00f3gico de la Universidad de Concepci\u00f3n.<\/p>\n\n\n\n<p>Mientras se desempe\u00f1aba en Nestl\u00e9, realiz\u00f3 pasant\u00edas en el Product Technology Center de Lisieux, Francia (productos l\u00e1cteos refrigerados); Singen, Alemania (productos culinarios) y Konolfingen, Suiza (Productos l\u00e1cteos).<\/p>\n\n\n\n<p>Como Director Ejecutivo de CeTa, a&nbsp;<strong>Jean Paul Veas<\/strong>&nbsp;le corresponder\u00e1 liderar el proyecto de implementaci\u00f3n y puesta en marcha del Centro Tecnol\u00f3gico en Laguna Car\u00e9n, como tambi\u00e9n la inauguraci\u00f3n de la nueva planta CeTa-UFRO en Temuco. Adem\u00e1s, tendr\u00e1 como labor profundizar la&nbsp;<strong>Red CeTa<\/strong>, instancia mediante la cual el Centro Tecnol\u00f3gico est\u00e1 agrupando a diversas organizaciones de distintas regiones del pa\u00eds para crear una red de colaboraci\u00f3n entre los diversos actores que est\u00e1n participando en la innovaci\u00f3n alimentaria en el pa\u00eds.<\/p>\n","protected":false},"excerpt":{"rendered":"<p>El Directorio del Centro Tecnol\u00f3gico para la Innovaci\u00f3n Alimentaria, CeTa, nombr\u00f3 recientemente a&nbsp;Jean Paul Veas&nbsp;como Director Ejecutivo. Veas es MBA de la Pontificia Universidad Cat\u00f3lica de<span class=\"excerpt-hellip\"> [\u2026]<\/span><\/p>\n","protected":false},"author":2,"featured_media":114,"comment_status":"closed","ping_status":"open","sticky":false,"template":"","format":"standard","meta":{"_themeisle_gutenberg_block_has_review":false,"_joinchat":[],"footnotes":""},"categories":[6],"tags":[],"class_list":["post-113","post","type-post","status-publish","format-standard","has-post-thumbnail","hentry","category-ceta"],"_links":{"self":[{"href":"https:\/\/cetalimentos.cl\/index.php\/wp-json\/wp\/v2\/posts\/113","targetHints":{"allow":["GET"]}}],"collection":[{"href":"https:\/\/cetalimentos.cl\/index.php\/wp-json\/wp\/v2\/posts"}],"about":[{"href":"https:\/\/cetalimentos.cl\/index.php\/wp-json\/wp\/v2\/types\/post"}],"author":[{"embeddable":true,"href":"https:\/\/cetalimentos.cl\/index.php\/wp-json\/wp\/v2\/users\/2"}],"replies":[{"embeddable":true,"href":"https:\/\/cetalimentos.cl\/index.php\/wp-json\/wp\/v2\/comments?post=113"}],"version-history":[{"count":0,"href":"https:\/\/cetalimentos.cl\/index.php\/wp-json\/wp\/v2\/posts\/113\/revisions"}],"wp:featuredmedia":[{"embeddable":true,"href":"https:\/\/cetalimentos.cl\/index.php\/wp-json\/wp\/v2\/media\/114"}],"wp:attachment":[{"href":"https:\/\/cetalimentos.cl\/index.php\/wp-json\/wp\/v2\/media?parent=113"}],"wp:term":[{"taxonomy":"category","embeddable":true,"href":"https:\/\/cetalimentos.cl\/index.php\/wp-json\/wp\/v2\/categories?post=113"},{"taxonomy":"post_tag","embeddable":true,"href":"https:\/\/cetalimentos.cl\/index.php\/wp-json\/wp\/v2\/tags?post=113"}],"curies":[{"name":"wp","href":"https:\/\/api.w.org\/{rel}","templated":true}]}}